{"id":374,"date":"2015-12-14T15:51:14","date_gmt":"2015-12-14T14:51:14","guid":{"rendered":"http:\/\/www.bambergorthodox.de\/?p=374"},"modified":"2015-12-21T09:44:51","modified_gmt":"2015-12-21T08:44:51","slug":"impodobirea-bradului-de-craciun","status":"publish","type":"post","link":"https:\/\/www.bambergorthodox.de\/?p=374","title":{"rendered":"\u00cempodobirea bradului de Cr\u0103ciun"},"content":{"rendered":"<p><img loading=\"lazy\" decoding=\"async\" class=\"alignleft wp-image-384 size-medium\" src=\"https:\/\/www.bambergorthodox.de\/wp-content\/uploads\/2015\/12\/DSC01798-300x200.jpg\" alt=\"DSC01798\" width=\"300\" height=\"200\" srcset=\"https:\/\/www.bambergorthodox.de\/wp-content\/uploads\/2015\/12\/DSC01798-300x200.jpg 300w, https:\/\/www.bambergorthodox.de\/wp-content\/uploads\/2015\/12\/DSC01798-1024x682.jpg 1024w\" sizes=\"auto, (max-width: 300px) 100vw, 300px\" \/>O mic\u0103 parte dintre copiii parohiei noastre s-au adunat \u00een biseric\u0103, al\u0103turi de doamna preoteas\u0103 \u0219i de c\u00e2teva doamne, pentru a preg\u0103ti bradul de Cr\u0103ciun \u00een a\u0219teptarea s\u0103rb\u0103torii Na\u0219terii Domnului Hristos. Fiecare s-a str\u0103duit dup\u0103 putin\u021b\u0103, pun\u00e2nd mult\u0103 dragoste \u0219i bucurie sufleteasc\u0103, iar rezultatul este unul gr\u0103itor.<!--more--><\/p>\n<p>Le mul\u021bumim pentru \u00eempreun\u0103-participare \u0219i ne bucur\u0103m c\u0103 putem a\u0219tepta s\u0103rb\u0103toarea sf\u00e2nt\u0103 cu emo\u021bia sentimentelor de acas\u0103. De asemenea, \u00eel a\u0219tept\u0103m cu mic cu mare \u0219i pe Mo\u0219 Cr\u0103ciun cel drag \u0219i bun.<\/p>\n<p><a  href=\"https:\/\/www.bambergorthodox.de\/wp-content\/uploads\/2015\/12\/DSC01784.jpg\" data-rel=\"lightbox-gallery-0\" data-rl_title=\"\" data-rl_caption=\"\" title=\"\"><img loading=\"lazy\" decoding=\"async\" class=\"alignnone wp-image-375 size-thumbnail\" src=\"https:\/\/www.bambergorthodox.de\/wp-content\/uploads\/2015\/12\/DSC01784-150x150.jpg\" alt=\"DSC01784\" width=\"150\" height=\"150\" \/><\/a> <a  href=\"https:\/\/www.bambergorthodox.de\/wp-content\/uploads\/2015\/12\/DSC01785.jpg\" data-rel=\"lightbox-gallery-0\" data-rl_title=\"\" data-rl_caption=\"\" title=\"\"><img loading=\"lazy\" decoding=\"async\" class=\"alignnone wp-image-376 size-thumbnail\" src=\"https:\/\/www.bambergorthodox.de\/wp-content\/uploads\/2015\/12\/DSC01785-150x150.jpg\" alt=\"DSC01785\" width=\"150\" height=\"150\" \/><\/a> <a  href=\"https:\/\/www.bambergorthodox.de\/wp-content\/uploads\/2015\/12\/DSC01786.jpg\" data-rel=\"lightbox-gallery-0\" data-rl_title=\"\" data-rl_caption=\"\" title=\"\"><img loading=\"lazy\" decoding=\"async\" class=\"alignnone wp-image-377 size-thumbnail\" src=\"https:\/\/www.bambergorthodox.de\/wp-content\/uploads\/2015\/12\/DSC01786-150x150.jpg\" alt=\"DSC01786\" width=\"150\" height=\"150\" \/><\/a> <a  href=\"https:\/\/www.bambergorthodox.de\/wp-content\/uploads\/2015\/12\/DSC01787.jpg\" data-rel=\"lightbox-gallery-0\" data-rl_title=\"\" data-rl_caption=\"\" title=\"\"><img loading=\"lazy\" decoding=\"async\" class=\"alignnone wp-image-378 size-thumbnail\" src=\"https:\/\/www.bambergorthodox.de\/wp-content\/uploads\/2015\/12\/DSC01787-150x150.jpg\" alt=\"DSC01787\" width=\"150\" height=\"150\" \/><\/a> <a  href=\"https:\/\/www.bambergorthodox.de\/wp-content\/uploads\/2015\/12\/DSC01792.jpg\" data-rel=\"lightbox-gallery-0\" data-rl_title=\"\" data-rl_caption=\"\" title=\"\"><img loading=\"lazy\" decoding=\"async\" class=\"alignnone wp-image-379 size-thumbnail\" src=\"https:\/\/www.bambergorthodox.de\/wp-content\/uploads\/2015\/12\/DSC01792-150x150.jpg\" alt=\"DSC01792\" width=\"150\" height=\"150\" \/><\/a> <a  href=\"https:\/\/www.bambergorthodox.de\/wp-content\/uploads\/2015\/12\/DSC01794.jpg\" data-rel=\"lightbox-gallery-0\" data-rl_title=\"\" data-rl_caption=\"\" title=\"\"><img loading=\"lazy\" decoding=\"async\" class=\"alignnone wp-image-380 size-thumbnail\" src=\"https:\/\/www.bambergorthodox.de\/wp-content\/uploads\/2015\/12\/DSC01794-150x150.jpg\" alt=\"DSC01794\" width=\"150\" height=\"150\" \/><\/a> <a  href=\"https:\/\/www.bambergorthodox.de\/wp-content\/uploads\/2015\/12\/DSC01795.jpg\" data-rel=\"lightbox-gallery-0\" data-rl_title=\"\" data-rl_caption=\"\" title=\"\"><img loading=\"lazy\" decoding=\"async\" class=\"alignnone wp-image-381 size-thumbnail\" src=\"https:\/\/www.bambergorthodox.de\/wp-content\/uploads\/2015\/12\/DSC01795-150x150.jpg\" alt=\"DSC01795\" width=\"150\" height=\"150\" \/><\/a> <a  href=\"https:\/\/www.bambergorthodox.de\/wp-content\/uploads\/2015\/12\/DSC01796.jpg\" data-rel=\"lightbox-gallery-0\" data-rl_title=\"\" data-rl_caption=\"\" title=\"\"><img loading=\"lazy\" decoding=\"async\" class=\"alignnone wp-image-382 size-thumbnail\" src=\"https:\/\/www.bambergorthodox.de\/wp-content\/uploads\/2015\/12\/DSC01796-150x150.jpg\" alt=\"DSC01796\" width=\"150\" height=\"150\" \/><\/a> <a  href=\"https:\/\/www.bambergorthodox.de\/wp-content\/uploads\/2015\/12\/DSC01797.jpg\" data-rel=\"lightbox-gallery-0\" data-rl_title=\"\" data-rl_caption=\"\" title=\"\"><img loading=\"lazy\" decoding=\"async\" class=\"alignnone wp-image-383 size-thumbnail\" src=\"https:\/\/www.bambergorthodox.de\/wp-content\/uploads\/2015\/12\/DSC01797-150x150.jpg\" alt=\"DSC01797\" width=\"150\" height=\"150\" \/><\/a> \u00a0<a  href=\"https:\/\/www.bambergorthodox.de\/wp-content\/uploads\/2015\/12\/DSC01856.jpg\" data-rel=\"lightbox-gallery-0\" data-rl_title=\"\" data-rl_caption=\"\" title=\"\"><img loading=\"lazy\" decoding=\"async\" class=\"alignnone wp-image-385 size-thumbnail\" src=\"https:\/\/www.bambergorthodox.de\/wp-content\/uploads\/2015\/12\/DSC01856-150x150.jpg\" alt=\"DSC01856\" width=\"150\" height=\"150\" \/><\/a><\/p>\n","protected":false},"excerpt":{"rendered":"<p>O mic\u0103 parte dintre copiii parohiei noastre s-au adunat \u00een biseric\u0103, al\u0103turi de doamna preoteas\u0103 \u0219i de c\u00e2teva doamne, pentru a preg\u0103ti bradul de Cr\u0103ciun \u00een a\u0219teptarea s\u0103rb\u0103torii Na\u0219terii Domnului Hristos. Fiecare s-a str\u0103duit dup\u0103 putin\u021b\u0103, pun\u00e2nd mult\u0103 dragoste \u0219i bucurie sufleteasc\u0103, iar rezultatul este unul gr\u0103itor.<\/p>\n","protected":false},"author":1,"featured_media":0,"comment_status":"open","ping_status":"open","sticky":false,"template":"","format":"standard","meta":{"jetpack_post_was_ever_published":false,"_jetpack_newsletter_access":"","_jetpack_dont_email_post_to_subs":false,"_jetpack_newsletter_tier_id":0,"_jetpack_memberships_contains_paywalled_content":false,"_jetpack_memberships_contains_paid_content":false,"footnotes":"","jetpack_publicize_message":"","jetpack_publicize_feature_enabled":true,"jetpack_social_post_already_shared":false,"jetpack_social_options":{"image_generator_settings":{"template":"highway","default_image_id":0,"font":"","enabled":false},"version":2}},"categories":[5],"tags":[],"class_list":["post-374","post","type-post","status-publish","format-standard","hentry","category-text_menue"],"jetpack_publicize_connections":[],"jetpack_featured_media_url":"","jetpack_sharing_enabled":true,"jetpack_shortlink":"https:\/\/wp.me\/p93ZOd-62","_links":{"self":[{"href":"https:\/\/www.bambergorthodox.de\/index.php?rest_route=\/wp\/v2\/posts\/374","targetHints":{"allow":["GET"]}}],"collection":[{"href":"https:\/\/www.bambergorthodox.de\/index.php?rest_route=\/wp\/v2\/posts"}],"about":[{"href":"https:\/\/www.bambergorthodox.de\/index.php?rest_route=\/wp\/v2\/types\/post"}],"author":[{"embeddable":true,"href":"https:\/\/www.bambergorthodox.de\/index.php?rest_route=\/wp\/v2\/users\/1"}],"replies":[{"embeddable":true,"href":"https:\/\/www.bambergorthodox.de\/index.php?rest_route=%2Fwp%2Fv2%2Fcomments&post=374"}],"version-history":[{"count":6,"href":"https:\/\/www.bambergorthodox.de\/index.php?rest_route=\/wp\/v2\/posts\/374\/revisions"}],"predecessor-version":[{"id":414,"href":"https:\/\/www.bambergorthodox.de\/index.php?rest_route=\/wp\/v2\/posts\/374\/revisions\/414"}],"wp:attachment":[{"href":"https:\/\/www.bambergorthodox.de\/index.php?rest_route=%2Fwp%2Fv2%2Fmedia&parent=374"}],"wp:term":[{"taxonomy":"category","embeddable":true,"href":"https:\/\/www.bambergorthodox.de\/index.php?rest_route=%2Fwp%2Fv2%2Fcategories&post=374"},{"taxonomy":"post_tag","embeddable":true,"href":"https:\/\/www.bambergorthodox.de\/index.php?rest_route=%2Fwp%2Fv2%2Ftags&post=374"}],"curies":[{"name":"wp","href":"https:\/\/api.w.org\/{rel}","templated":true}]}}