{"id":359,"date":"2015-12-08T16:30:07","date_gmt":"2015-12-08T15:30:07","guid":{"rendered":"http:\/\/www.bambergorthodox.de\/?p=359"},"modified":"2015-12-08T16:35:18","modified_gmt":"2015-12-08T15:35:18","slug":"359","status":"publish","type":"post","link":"https:\/\/www.bambergorthodox.de\/?p=359","title":{"rendered":"\u00cent\u00e2lnirea preo\u021bilor din Protopopiatul Bavariei"},"content":{"rendered":"<p><em><a  href=\"https:\/\/www.bambergorthodox.de\/wp-content\/uploads\/2015\/12\/1.jpg\" data-rel=\"lightbox-gallery-0\" data-rl_title=\"\" data-rl_caption=\"\" title=\"\"><img loading=\"lazy\" decoding=\"async\" class=\"size-medium wp-image-361 alignleft\" src=\"https:\/\/www.bambergorthodox.de\/wp-content\/uploads\/2015\/12\/1-300x221.jpg\" alt=\"1\" width=\"300\" height=\"221\" srcset=\"https:\/\/www.bambergorthodox.de\/wp-content\/uploads\/2015\/12\/1-300x221.jpg 300w, https:\/\/www.bambergorthodox.de\/wp-content\/uploads\/2015\/12\/1.jpg 800w\" sizes=\"auto, (max-width: 300px) 100vw, 300px\" \/><\/a>S\u00e2mb\u0103t\u0103, 5 decembrie, parohia \u201eNa\u0219terea Domnului\u201d din M\u00fcnchen a g\u0103zduit \u0219edin\u021ba de lucru a preo\u021bilor din protopopiatul Bavariei. Al\u0103turi de Preasfin\u021bitul P\u0103rinte Sofian Bra\u0219oveanul, Episcop vicar \u0219i de p\u0103rintele protoiereu Drd. Alexandru Nan, preo\u021bii au discutat pe baza ordinii de zi stabilite, probleme de ordin duhovnicesc, administrativ \u0219i pastoral.<\/em><\/p>\n<p><em>\u00a0<\/em><a href=\"http:\/\/mitropolia-ro.de\/index.php\/arhiva-stirilor\/704-intalnirea-preotilor-din-protopopiatul-bavariei\"><!--more--><\/a><\/p>\n<p>Dup\u0103 rostirea rug\u0103ciunii \u201e\u00cemp\u0103rate ceresc&#8230;\u201d, p\u0103rintele protoiereu Alexandru Nan a sus\u021binut un scurt referat pe baza Tratatului de preo\u021bie al Sf\u00e2ntului Ioan Gur\u0103 de Aur, av\u00e2nd ca tem\u0103 central\u0103 datoriile preo\u021bilor \u0219i ale credincio\u0219ilor pentru sus\u021binerea vie\u021bii duhovnice\u0219ti. \u00cen capitolul VIII al Tratatului, Sf\u00e2ntul Ioan scrie c\u0103 responsabilitatea preo\u021beasc\u0103 este mai mare dec\u00e2t exerci\u021biile spirituale \u0219i milostenia, fiindc\u0103 de ea depinde m\u00e2ntuirea \u00eentregii comunit\u0103\u021bi biserice\u0219ti. Totodat\u0103 \u00een\u0103l\u021bimea slujirii preo\u021be\u0219ti presupune \u0219i numeroase \u00eencerc\u0103ri \u0219i jertfe din partea slujitorului.<\/p>\n<p>Momentul duhovnicesc a fost urmat de discu\u021bii juridico-administrative, ocazionate de specificul legislativ din Bavaria, land \u00een care Mitropolia a primit pentru prima dat\u0103 statutul de corpora\u021bie de drept public (2006), care \u00eei ofer\u0103 o \u00eenalt\u0103 recunoa\u0219tere \u00een fa\u021ba autorit\u0103\u021bilor germane. Dl. Livius Wulk, contabil-\u0219ef al Mitropoliei, a explicat specificit\u0103\u021bile juridice ale \u201ecorpora\u021biei de drept public\u201d (Kd\u00f6R), \u201easocia\u021biei \u00eenscrise \u00een Registrul de asocia\u021bii\u201d (e.V.), respectiv al \u201easocia\u021biei de sus\u021binere\u201d(\u201eF\u00f6rderverein&#8221;), precum \u0219i necesitatea modific\u0103rii statutelor parohiale conform celor ale unei \u201easocia\u021bii de sus\u021binere\u201d (\u201eF\u00f6rderverein&#8221;), necesare pentru compatibilitatea cu legisla\u021bia statului bavarez. \u00centre alte subiecte de discu\u021bie s-au mai num\u0103rat: viitorul \u00eenv\u0103\u021b\u0103m\u00e2ntului religios ortodox \u00een Germania \u0219i Bavaria, \u00eenscrierea confesional\u0103 a rom\u00e2nilor ortodoc\u0219i \u00een registrele locale sub sigla \u201eRX\u201d (\u201erum\u00e4nisch-orthodox\u201c), \u00eentrajutorarea preo\u021bilor din protopopiat, sus\u021binerea proiectelor sociale ale Mitropoliei, intensificarea leg\u0103turilor \u00eentre parohii, a slujbelor cu participarea mai multor comunit\u0103\u021bi rom\u00e2ne\u0219ti \u0219i a activit\u0103\u021bilor culturale de promovare a tradi\u021biilor rom\u00e2ne\u0219ti.<\/p>\n<p>Discu\u021biile s-au desf\u0103\u0219urat \u00eentr-o atmosfer\u0103 fr\u0103\u021beasc\u0103, viitoarea conferin\u021b\u0103 fiind programat\u0103 pentru 13 februarie 2016.<\/p>\n<p><a  href=\"https:\/\/www.bambergorthodox.de\/wp-content\/uploads\/2015\/12\/11.jpg\" data-rel=\"lightbox-gallery-0\" data-rl_title=\"\" data-rl_caption=\"\" title=\"\"><img loading=\"lazy\" decoding=\"async\" class=\"alignnone wp-image-365 size-thumbnail\" src=\"https:\/\/www.bambergorthodox.de\/wp-content\/uploads\/2015\/12\/11-150x150.jpg\" alt=\"1\" width=\"150\" height=\"150\" srcset=\"https:\/\/www.bambergorthodox.de\/wp-content\/uploads\/2015\/12\/11-150x150.jpg 150w, https:\/\/www.bambergorthodox.de\/wp-content\/uploads\/2015\/12\/11-60x60.jpg 60w\" sizes=\"auto, (max-width: 150px) 100vw, 150px\" \/><\/a> <a  href=\"https:\/\/www.bambergorthodox.de\/wp-content\/uploads\/2015\/12\/3.jpg\" data-rel=\"lightbox-gallery-0\" data-rl_title=\"\" data-rl_caption=\"\" title=\"\"><img loading=\"lazy\" decoding=\"async\" class=\"alignnone wp-image-366 size-thumbnail\" src=\"https:\/\/www.bambergorthodox.de\/wp-content\/uploads\/2015\/12\/3-150x150.jpg\" alt=\"3\" width=\"150\" height=\"150\" srcset=\"https:\/\/www.bambergorthodox.de\/wp-content\/uploads\/2015\/12\/3-150x150.jpg 150w, https:\/\/www.bambergorthodox.de\/wp-content\/uploads\/2015\/12\/3-60x60.jpg 60w, https:\/\/www.bambergorthodox.de\/wp-content\/uploads\/2015\/12\/3-600x600.jpg 600w\" sizes=\"auto, (max-width: 150px) 100vw, 150px\" \/><\/a> <a  href=\"https:\/\/www.bambergorthodox.de\/wp-content\/uploads\/2015\/12\/5.jpg\" data-rel=\"lightbox-gallery-0\" data-rl_title=\"\" data-rl_caption=\"\" title=\"\"><img loading=\"lazy\" decoding=\"async\" class=\"alignnone wp-image-367 size-thumbnail\" src=\"https:\/\/www.bambergorthodox.de\/wp-content\/uploads\/2015\/12\/5-150x150.jpg\" alt=\"5\" width=\"150\" height=\"150\" \/><\/a><\/p>\n<p>Sursa: <a href=\"http:\/\/mitropolia-ro.de\/index.php\/arhiva-stirilor\/704-intalnirea-preotilor-din-protopopiatul-bavariei\">http:\/\/mitropolia-ro.de\/index.php\/arhiva-stirilor\/704-intalnirea-preotilor-din-protopopiatul-bavariei<\/a><\/p>\n","protected":false},"excerpt":{"rendered":"<p>S\u00e2mb\u0103t\u0103, 5 decembrie, parohia \u201eNa\u0219terea Domnului\u201d din M\u00fcnchen a g\u0103zduit \u0219edin\u021ba de lucru a preo\u021bilor din protopopiatul Bavariei. Al\u0103turi de Preasfin\u021bitul P\u0103rinte Sofian Bra\u0219oveanul, Episcop vicar \u0219i de p\u0103rintele protoiereu Drd. Alexandru Nan, preo\u021bii au discutat pe baza ordinii de zi stabilite, probleme de ordin duhovnicesc, administrativ \u0219i pastoral. \u00a0<\/p>\n","protected":false},"author":1,"featured_media":0,"comment_status":"open","ping_status":"open","sticky":false,"template":"","format":"standard","meta":{"jetpack_post_was_ever_published":false,"_jetpack_newsletter_access":"","_jetpack_dont_email_post_to_subs":false,"_jetpack_newsletter_tier_id":0,"_jetpack_memberships_contains_paywalled_content":false,"_jetpack_memberships_contains_paid_content":false,"footnotes":"","jetpack_publicize_message":"","jetpack_publicize_feature_enabled":true,"jetpack_social_post_already_shared":false,"jetpack_social_options":{"image_generator_settings":{"template":"highway","default_image_id":0,"font":"","enabled":false},"version":2}},"categories":[5],"tags":[],"class_list":["post-359","post","type-post","status-publish","format-standard","hentry","category-text_menue"],"jetpack_publicize_connections":[],"jetpack_featured_media_url":"","jetpack_sharing_enabled":true,"jetpack_shortlink":"https:\/\/wp.me\/s93ZOd-359","_links":{"self":[{"href":"https:\/\/www.bambergorthodox.de\/index.php?rest_route=\/wp\/v2\/posts\/359","targetHints":{"allow":["GET"]}}],"collection":[{"href":"https:\/\/www.bambergorthodox.de\/index.php?rest_route=\/wp\/v2\/posts"}],"about":[{"href":"https:\/\/www.bambergorthodox.de\/index.php?rest_route=\/wp\/v2\/types\/post"}],"author":[{"embeddable":true,"href":"https:\/\/www.bambergorthodox.de\/index.php?rest_route=\/wp\/v2\/users\/1"}],"replies":[{"embeddable":true,"href":"https:\/\/www.bambergorthodox.de\/index.php?rest_route=%2Fwp%2Fv2%2Fcomments&post=359"}],"version-history":[{"count":7,"href":"https:\/\/www.bambergorthodox.de\/index.php?rest_route=\/wp\/v2\/posts\/359\/revisions"}],"predecessor-version":[{"id":370,"href":"https:\/\/www.bambergorthodox.de\/index.php?rest_route=\/wp\/v2\/posts\/359\/revisions\/370"}],"wp:attachment":[{"href":"https:\/\/www.bambergorthodox.de\/index.php?rest_route=%2Fwp%2Fv2%2Fmedia&parent=359"}],"wp:term":[{"taxonomy":"category","embeddable":true,"href":"https:\/\/www.bambergorthodox.de\/index.php?rest_route=%2Fwp%2Fv2%2Fcategories&post=359"},{"taxonomy":"post_tag","embeddable":true,"href":"https:\/\/www.bambergorthodox.de\/index.php?rest_route=%2Fwp%2Fv2%2Ftags&post=359"}],"curies":[{"name":"wp","href":"https:\/\/api.w.org\/{rel}","templated":true}]}}