{"id":3526,"date":"2018-02-17T09:31:41","date_gmt":"2018-02-17T08:31:41","guid":{"rendered":"http:\/\/www.bambergorthodox.de\/?p=3526"},"modified":"2018-02-17T09:48:24","modified_gmt":"2018-02-17T08:48:24","slug":"deutsch-einladung-zum-theologischen-kolloquium-zum-thema-heilige-und-heiligenverehrung-in-ost-und-west","status":"publish","type":"post","link":"https:\/\/www.bambergorthodox.de\/?p=3526","title":{"rendered":"Invita\u0163ie la conferin\u0163a \u201eSfin\u021bii \u0219i cultul sfin\u021bilor \u00een R\u0103s\u0103rit \u015fi Apus\u201c"},"content":{"rendered":"<em><a  href=\"https:\/\/www.bambergorthodox.de\/wp-content\/uploads\/2018\/02\/Imagine-Marturisitori-min2.jpg\" data-rel=\"lightbox-gallery-0\" data-rl_title=\"\" data-rl_caption=\"\" title=\"\"><img loading=\"lazy\" decoding=\"async\" class=\"size-medium wp-image-3528 alignleft\" src=\"https:\/\/www.bambergorthodox.de\/wp-content\/uploads\/2018\/02\/Imagine-Marturisitori-min2-259x300.jpg\" alt=\"\" width=\"259\" height=\"300\" srcset=\"https:\/\/www.bambergorthodox.de\/wp-content\/uploads\/2018\/02\/Imagine-Marturisitori-min2-259x300.jpg 259w, https:\/\/www.bambergorthodox.de\/wp-content\/uploads\/2018\/02\/Imagine-Marturisitori-min2.jpg 480w\" sizes=\"auto, (max-width: 259px) 100vw, 259px\" \/><\/a>Institutul German-Rom\u00e2n \u201eEx fide lux\u201d pentru Teologie, \u0218tiin\u021b\u0103, Cultur\u0103 \u0219i Dialog organizeaz\u0103 \u00een <strong>11-14 mai a.c., la Sibiu<\/strong>, <strong>c<\/strong><\/em><em><strong>olocviul teologic cu tema <a href=\"http:\/\/mitropolia-ro.de\/images\/galerii\/2018\/2018.02.15%20Konferenz%20Ex%20Fide%20Lux\/Invitatie%20colocviul%20teologic%20Mai%202018.pdf\">\u201eSfin\u021bii \u0219i cultul sfin\u021bilor \u00een R\u0103s\u0103rit \u015fi Apus\u201c<\/a>.<\/strong> Aceast\u0103 \u00eent\u00e2lnire de \u00eenalt nivel bisericesc \u015fi academic reprezint\u0103 prima conferin\u021b\u0103 interna\u021bional\u0103 organizat\u0103 de institutul <a href=\"http:\/\/mitropolia-ro.de\/index.php\/stiri-din-2016\/819-sedinta-de-constituire-a-institutului-romano-german-ex-fide-lux-pentru-teologie-stiinta-cultura-si-dialog\">\u00eenfiin\u0163at<\/a> \u00een 2016, la ini\u0163iativa unui grup de teologi rom\u00e2ni \u015fi germani, sub patronajul Mitropoliei Ortodoxe Rom\u00e2ne a Germaniei, Austriei \u015fi Luxemburgului.<br \/>\nConferin\u021ba are loc \u00een colaborare cu Mitropolia Ardealului \u0219i Academia Evanghelic\u0103 &#8222;Transilvania&#8221; din Sibiu \u015fi este sprijinit\u0103 de Secretariatul de Stat pentru Culte.<\/em><!--more--><\/p>\n<p><strong>Tema<\/strong><\/p>\n<p>Cultul sfin\u0163ilor constituie \u00een mod deschis un dezacord \u00eentre teologia \u0219i spiritualitatea catolic\u0103 \u0219i ortodox\u0103, pe de o parte \u0219i spiritualitatea teologia protestant\u0103, pe de alt\u0103 parte, iar dezbaterile vor fi organizate pe modulele: argumente teologice pentru cultul sfin\u0163ilor \u00een dialog interconfesional, aspecte biblice \u015fi teologice, aspecte canonice, sfin\u0163i \u015fi martiri de-a lungul istoriei p\u00e2n\u0103 \u00een zilele noastre. Conferin\u021ba de \u00eenalt nivel bisericesc \u015fi academic are \u00een vedere participarea de conferen\u0163iari \u015fi auditoriu apar\u0163in\u00e2nd tuturor celor trei mari ramuri confesionale prezente \u00een Transilvania.<\/p>\n<p>Este prev\u0103zut\u0103 \u015fi vizitarea bisericii evanghelice din Sebe\u015f (jud. Alba) \u015fi a catedralelor ortodox\u0103 \u015fi catolic\u0103 din Alba Iulia, \u00een vederea aprecierii importan\u0163ei speciale a celor trei monumente biserice\u015fti \u015fi culturale de importan\u021b\u0103 na\u021bional\u0103, \u00een Anul Omagial al unit\u0103\u0163ii de credin\u0163\u0103 \u015fi de neam \u015fi Anul comemorativ al F\u0103uritorilor Marii Uniri din 1918.<\/p>\n<p>Conferin\u021ba interna\u021bional\u0103 include invita\u0163i din Germania \u0219i Rom\u00e2nia \u015fi se adreseaz\u0103 profesorilor \u0219i studen\u021bilor tuturor facult\u0103\u021bilor de teologie de limb\u0103 german\u0103 \u015fi rom\u00e2n\u0103. Conferin\u0163a prevede \u015fi editarea unui volum bilingv cuprinz\u00e2nd toate contribu\u0163iile la conferin\u021b\u0103.<\/p>\n<p><strong>Participarea<\/strong><\/p>\n<p>Conferin\u0163a se va desf\u0103\u015fura cu traducere simultan\u0103 \u015fi va avea loc la Academia Evanghelic\u0103 &#8222;Transilvania&#8221; din Sibiu \u015fi la Academia Ortodox\u0103 de la M\u0103n\u0103stirea Br\u00e2ncoveanu &#8211; S\u00e2mb\u0103ta de Sus.<br \/>\n<strong>Cheltuielile de cazare \u015fi mas\u0103, drumul spre S\u00e2mb\u0103ta de Sus precum \u015fi costurile\u00a0 excursiei la Alba Iulia \u015fi Sebe\u015f sunt asigurate de organizatori.<\/strong>\u00a0 Cheltuielile spre \u015fi dinspre Sibiu sunt suportate de c\u0103tre participan\u0163i. Exist\u0103 posibilitatea de a ajunge cu autocarul \u00eenchiriat de organizatori: Bucure\u015fti &#8211; Sibiu \u00een 11 mai \u015fi Sibiu &#8211; Bucure\u015fti \u00een 14 mai.<\/p>\n<p>Pentru \u00eenscrieri, v\u0103 rug\u0103m s\u0103 completa\u0163i \u015fi s\u0103 trimite\u0163i p\u00e2n\u0103 la 25 februarie <a href=\"http:\/\/mitropolia-ro.de\/images\/galerii\/2018\/2018.02.15%20Konferenz%20Ex%20Fide%20Lux\/Formular%20de%20inscriere%20-%20colocviu%20teologic%20Sibiu%202018.pdf\">formularul ata\u015fat,<\/a> la adresele indicate.<\/p>\n<p>Pentru \u00eentreb\u0103ri \u015fi informa\u0163ii detaliate poate fi contactat prof. h.c. dr. J\u00fcrgen Henkel, organizatorul principal al conferin\u0163ei (date de contact \u00een<a href=\"http:\/\/mitropolia-ro.de\/images\/galerii\/2018\/2018.02.15%20Konferenz%20Ex%20Fide%20Lux\/Formular%20de%20inscriere%20-%20colocviu%20teologic%20Sibiu%202018.pdf\"> formularul de \u00eenscriere<\/a> \u015fi \u00een <a href=\"http:\/\/mitropolia-ro.de\/images\/galerii\/2018\/2018.02.15%20Konferenz%20Ex%20Fide%20Lux\/Invitatie%20colocviul%20teologic%20Mai%202018.pdf\">invita\u0163ie<\/a>)<\/p>\n<p>&nbsp;<\/p>\n<p><em>Institutul Germano-Rom\u00e2n <strong>\u201eEx fide lux\u201d<\/strong> <strong>pentru Teologie, \u0218tiin\u021b\u0103, Cultur\u0103 \u0219i Dialog,<\/strong>aflat sub patronajul Mitropoliei Ortodoxe Rom\u00e2ne a Germaniei, Europei Centrale \u0219i de Nord, \u00eencurajeaz\u0103 dialogul \u00eentre Biserica Ortodox\u0103 Rom\u00e2n\u0103 \u015fi alte biserici din Rom\u00e2nia cu Bisericile din Germania \u0219i din alte \u021b\u0103ri vorbitoare de limb\u0103 german\u0103. Mai multe informa\u0163ii despre activit\u0103\u0163ile institutului pute\u0163i afla <a href=\"http:\/\/mitropolia-ro.de\/images\/galerii\/2018\/2018.02.15%20Konferenz%20Ex%20Fide%20Lux\/Ex%20fide%20lux%20Flyer%20RO.pdf\">aici<\/a>. \u00cen proiectele \u0219i evenimentele organizate de acesta, precum \u0219i \u00een prezidiu particip\u0103 ierarhi, teologi, academicieni \u0219i credincio\u0219i laici din Biserica Ortodox\u0103, Biserica Catolic\u0103 \u0219i Bisericile protestante.<\/em><\/p>\n<p>preluat de pe <a href=\"http:\/\/mitropolia-ro.de\/index.php\/stiri-din-2018\/1257-invitatie-la-conferinta-sfintii-si-cultul-sfintilor-in-rasarit-si-apus\" target=\"_blank\" rel=\"noopener\">www.mitropolia-ro.de<\/a>","protected":false},"excerpt":{"rendered":"<p>Institutul German-Rom\u00e2n \u201eEx fide lux\u201d pentru Teologie, \u0218tiin\u021b\u0103, Cultur\u0103 \u0219i Dialog organizeaz\u0103 \u00een 11-14 mai a.c., la Sibiu, colocviul teologic cu tema \u201eSfin\u021bii \u0219i cultul sfin\u021bilor \u00een R\u0103s\u0103rit \u015fi Apus\u201c. Aceast\u0103 \u00eent\u00e2lnire de \u00eenalt nivel bisericesc \u015fi academic reprezint\u0103 prima conferin\u021b\u0103 interna\u021bional\u0103 organizat\u0103 de institutul \u00eenfiin\u0163at \u00een 2016, la ini\u0163iativa unui grup de teologi rom\u00e2ni &#8230; <a class=\"read-more\" href=\"https:\/\/www.bambergorthodox.de\/?p=3526\">Read more&#8230;<\/a><\/p>\n","protected":false},"author":2,"featured_media":0,"comment_status":"closed","ping_status":"open","sticky":false,"template":"","format":"standard","meta":{"jetpack_post_was_ever_published":false,"_jetpack_newsletter_access":"","_jetpack_dont_email_post_to_subs":false,"_jetpack_newsletter_tier_id":0,"_jetpack_memberships_contains_paywalled_content":false,"_jetpack_memberships_contains_paid_content":false,"footnotes":"","jetpack_publicize_message":"","jetpack_publicize_feature_enabled":true,"jetpack_social_post_already_shared":true,"jetpack_social_options":{"image_generator_settings":{"template":"highway","default_image_id":0,"font":"","enabled":false},"version":2}},"categories":[5],"tags":[],"class_list":["post-3526","post","type-post","status-publish","format-standard","hentry","category-text_menue"],"jetpack_publicize_connections":[],"jetpack_featured_media_url":"","jetpack_sharing_enabled":true,"jetpack_shortlink":"https:\/\/wp.me\/p93ZOd-US","_links":{"self":[{"href":"https:\/\/www.bambergorthodox.de\/index.php?rest_route=\/wp\/v2\/posts\/3526","targetHints":{"allow":["GET"]}}],"collection":[{"href":"https:\/\/www.bambergorthodox.de\/index.php?rest_route=\/wp\/v2\/posts"}],"about":[{"href":"https:\/\/www.bambergorthodox.de\/index.php?rest_route=\/wp\/v2\/types\/post"}],"author":[{"embeddable":true,"href":"https:\/\/www.bambergorthodox.de\/index.php?rest_route=\/wp\/v2\/users\/2"}],"replies":[{"embeddable":true,"href":"https:\/\/www.bambergorthodox.de\/index.php?rest_route=%2Fwp%2Fv2%2Fcomments&post=3526"}],"version-history":[{"count":2,"href":"https:\/\/www.bambergorthodox.de\/index.php?rest_route=\/wp\/v2\/posts\/3526\/revisions"}],"predecessor-version":[{"id":3531,"href":"https:\/\/www.bambergorthodox.de\/index.php?rest_route=\/wp\/v2\/posts\/3526\/revisions\/3531"}],"wp:attachment":[{"href":"https:\/\/www.bambergorthodox.de\/index.php?rest_route=%2Fwp%2Fv2%2Fmedia&parent=3526"}],"wp:term":[{"taxonomy":"category","embeddable":true,"href":"https:\/\/www.bambergorthodox.de\/index.php?rest_route=%2Fwp%2Fv2%2Fcategories&post=3526"},{"taxonomy":"post_tag","embeddable":true,"href":"https:\/\/www.bambergorthodox.de\/index.php?rest_route=%2Fwp%2Fv2%2Ftags&post=3526"}],"curies":[{"name":"wp","href":"https:\/\/api.w.org\/{rel}","templated":true}]}}