{"id":3521,"date":"2018-02-17T09:26:45","date_gmt":"2018-02-17T08:26:45","guid":{"rendered":"http:\/\/www.bambergorthodox.de\/?p=3521"},"modified":"2018-02-17T09:28:57","modified_gmt":"2018-02-17T08:28:57","slug":"deutsch-100-jahre-rumanische-einheit","status":"publish","type":"post","link":"https:\/\/www.bambergorthodox.de\/?p=3521","title":{"rendered":"(Deutsch) 100 Jahre rum\u00e4nische Einheit"},"content":{"rendered":"<p class=\"qtranxs-available-languages-message qtranxs-available-languages-message-ro\">Din p\u0103cate acest articol este disponibil doar \u00een <a href=\"https:\/\/www.bambergorthodox.de\/index.php?rest_route=%2Fwp%2Fv2%2Fposts%2F3521&lang=de\" class=\"qtranxs-available-language-link qtranxs-available-language-link-de\" title=\"Deutsch\">Deutsch<\/a>. For the sake of viewer convenience, the content is shown below in the alternative language. You may click the link to switch the active language.<\/p><em><a  href=\"https:\/\/www.bambergorthodox.de\/wp-content\/uploads\/2018\/02\/logo_centenar_ROMANIA-1024x724.jpg\" data-rel=\"lightbox-gallery-0\" data-rl_title=\"\" data-rl_caption=\"\" title=\"\"><img loading=\"lazy\" decoding=\"async\" class=\"size-medium wp-image-3522 alignleft\" src=\"https:\/\/www.bambergorthodox.de\/wp-content\/uploads\/2018\/02\/logo_centenar_ROMANIA-1024x724-300x212.jpg\" alt=\"\" width=\"300\" height=\"212\" srcset=\"https:\/\/www.bambergorthodox.de\/wp-content\/uploads\/2018\/02\/logo_centenar_ROMANIA-1024x724-300x212.jpg 300w, https:\/\/www.bambergorthodox.de\/wp-content\/uploads\/2018\/02\/logo_centenar_ROMANIA-1024x724-768x543.jpg 768w, https:\/\/www.bambergorthodox.de\/wp-content\/uploads\/2018\/02\/logo_centenar_ROMANIA-1024x724.jpg 1024w\" sizes=\"auto, (max-width: 300px) 100vw, 300px\" \/><\/a><\/em><em>Am 1. Dezember 2018 feiern die Rum\u00e4nen das erste hundertj\u00e4hrige Jubil\u00e4um der rum\u00e4nischen Einheit. Das Jubil\u00e4umsjahr 2018 wird durch vielf\u00e4ltige kulturelle Ereignisse gefeiert, die zahlreiche rum\u00e4nische Gemeinden und Vereine in Deutschland und in der ganzen Welt ausrichten. In D\u00fcsseldorf organisieren die rum\u00e4nisch-orthodoxe Kirchengemeinde &#8222;Heilige Dreifaltigkeit&#8221; und der deutsch-rum\u00e4nische Kulturverein &#8222;Atheneum&#8221; gemeinsam aber auch individuell feierliche kulturelle Ereignisse: religi\u00f6se Veranstaltungen, k\u00fcnstlerische Events, akademische Vortr\u00e4ge und Seminare.<\/em><\/p>\n<p><!--more--><br \/>\nDas Jubil\u00e4umsjahr ist aber nicht nur ein Anlass zum Feiern, sondern dient auch zur Reflexion \u00fcber die Bedeutung der Einheit und ihren Stellenwert gerade im Kontext des vereinigten Europas. Wie kann ein Volk seine eigene Einheit pflegen, so dass es gleichzeitig zur Einheit der Europ\u00e4ischen Union beitragen kann? An welchen Werten sollten wir als B\u00fcrger der Europ\u00e4ischen Union festhalten, damit wir eine solide Basis f\u00fcr die europ\u00e4ische Einheit schaffen k\u00f6nnen? Wie k\u00f6nnen wir diese Werte in unserem Alltag tief verankern? Dies sind Fragen, die uns durch das Jubil\u00e4umsjahr 2018 begleiten werden.<\/p>\n<p>Ein zentrales Thema dieses Jahres in unserer Gemeinde ist die innere Einheit des Menschen, die durch das Gleichgewicht zwischen der Selbstliebe, der Liebe zu Gott und der N\u00e4chstenliebe und durch die engagierte Aus\u00fcbung der christlichen Tugenden entsteht. Wir werden selbstverst\u00e4ndlich auch dar\u00fcber reflektieren, wie die vom Heiligen Geist bewirkte Einheit uns zur tiefen Dankbarkeit und zur aufmerksamen Bewahrung der Werte unseres einheitsstiftenden Glaubens an das Evangelium Christi anregt. So wird unser Jubil\u00e4um eine Zelebration der Werte sein, die uns zur inneren Einheit f\u00fchren. Nur diese innere Ganzheit kann unsere Kr\u00e4fte erneuern, damit wir uns noch bewusster und energischer f\u00fcr eine \u00e4u\u00dfere friedensspendende Einheit einsetzen k\u00f6nnen.<\/p>\n<p>Erzpriester Dr. Iosif-Cristian R\u0103dulescu<\/p>\n<p>Artikel \u00fcbernommen von <a href=\"http:\/\/mitropolia-ro.de\/index.php\/nachrichten-2016\/1254-100-jahre-rumaenische-einheit\" target=\"_blank\" rel=\"noopener\">www.mitropolia-ro.de<\/a><\/p>\n<p><em>Quelle: <a href=\"http:\/\/www.rp-online.de\/nrw\/staedte\/duesseldorf\/100-jahre-rumaenische-einheit-aid-1.7362943\">Rheinische Post, D\u00fcsseldorf, 2. Februar 2018<\/a><\/em>","protected":false},"excerpt":{"rendered":"<p>Din p\u0103cate acest articol este disponibil doar \u00een Deutsch. For the sake of viewer convenience, the content is shown below in the alternative language. You may click the link to switch the active language.Am 1. Dezember 2018 feiern die Rum\u00e4nen das erste hundertj\u00e4hrige Jubil\u00e4um der rum\u00e4nischen Einheit. Das Jubil\u00e4umsjahr 2018 wird durch vielf\u00e4ltige kulturelle Ereignisse &#8230; <a class=\"read-more\" href=\"https:\/\/www.bambergorthodox.de\/?p=3521\">Read more&#8230;<\/a><\/p>\n","protected":false},"author":2,"featured_media":0,"comment_status":"closed","ping_status":"open","sticky":false,"template":"","format":"standard","meta":{"jetpack_post_was_ever_published":false,"_jetpack_newsletter_access":"","_jetpack_dont_email_post_to_subs":false,"_jetpack_newsletter_tier_id":0,"_jetpack_memberships_contains_paywalled_content":false,"_jetpack_memberships_contains_paid_content":false,"footnotes":"","jetpack_publicize_message":"","jetpack_publicize_feature_enabled":true,"jetpack_social_post_already_shared":true,"jetpack_social_options":{"image_generator_settings":{"template":"highway","default_image_id":0,"font":"","enabled":false},"version":2}},"categories":[5],"tags":[],"class_list":["post-3521","post","type-post","status-publish","format-standard","hentry","category-text_menue"],"jetpack_publicize_connections":[],"jetpack_featured_media_url":"","jetpack_sharing_enabled":true,"jetpack_shortlink":"https:\/\/wp.me\/p93ZOd-UN","_links":{"self":[{"href":"https:\/\/www.bambergorthodox.de\/index.php?rest_route=\/wp\/v2\/posts\/3521","targetHints":{"allow":["GET"]}}],"collection":[{"href":"https:\/\/www.bambergorthodox.de\/index.php?rest_route=\/wp\/v2\/posts"}],"about":[{"href":"https:\/\/www.bambergorthodox.de\/index.php?rest_route=\/wp\/v2\/types\/post"}],"author":[{"embeddable":true,"href":"https:\/\/www.bambergorthodox.de\/index.php?rest_route=\/wp\/v2\/users\/2"}],"replies":[{"embeddable":true,"href":"https:\/\/www.bambergorthodox.de\/index.php?rest_route=%2Fwp%2Fv2%2Fcomments&post=3521"}],"version-history":[{"count":0,"href":"https:\/\/www.bambergorthodox.de\/index.php?rest_route=\/wp\/v2\/posts\/3521\/revisions"}],"wp:attachment":[{"href":"https:\/\/www.bambergorthodox.de\/index.php?rest_route=%2Fwp%2Fv2%2Fmedia&parent=3521"}],"wp:term":[{"taxonomy":"category","embeddable":true,"href":"https:\/\/www.bambergorthodox.de\/index.php?rest_route=%2Fwp%2Fv2%2Fcategories&post=3521"},{"taxonomy":"post_tag","embeddable":true,"href":"https:\/\/www.bambergorthodox.de\/index.php?rest_route=%2Fwp%2Fv2%2Ftags&post=3521"}],"curies":[{"name":"wp","href":"https:\/\/api.w.org\/{rel}","templated":true}]}}