{"id":332,"date":"2015-11-23T11:38:50","date_gmt":"2015-11-23T10:38:50","guid":{"rendered":"http:\/\/www.bambergorthodox.de\/?p=332"},"modified":"2015-11-23T12:09:48","modified_gmt":"2015-11-23T11:09:48","slug":"parohia-bamberg-si-a-sarbatorit-ocrotitoarea","status":"publish","type":"post","link":"https:\/\/www.bambergorthodox.de\/?p=332","title":{"rendered":"Parohia Bamberg \u0219i-a s\u0103rb\u0103torit ocrotitoarea"},"content":{"rendered":"<p><a  href=\"https:\/\/www.bambergorthodox.de\/wp-content\/uploads\/2015\/06\/DSC01674.jpg\" data-rel=\"lightbox-gallery-0\" data-rl_title=\"\" data-rl_caption=\"\" title=\"\"><img loading=\"lazy\" decoding=\"async\" class=\"size-medium wp-image-302 alignleft\" src=\"https:\/\/www.bambergorthodox.de\/wp-content\/uploads\/2015\/06\/DSC01674-300x200.jpg\" alt=\"DSC01674\" width=\"300\" height=\"200\" srcset=\"https:\/\/www.bambergorthodox.de\/wp-content\/uploads\/2015\/06\/DSC01674-300x200.jpg 300w, https:\/\/www.bambergorthodox.de\/wp-content\/uploads\/2015\/06\/DSC01674-1024x682.jpg 1024w\" sizes=\"auto, (max-width: 300px) 100vw, 300px\" \/><\/a><span lang=\"ro-RO\">Duminic\u0103, 11 octombrie, a avut loc <\/span><span lang=\"ro-RO\">pr\u0103znuirea<\/span> hramului de toamn\u0103 al parohiei <span lang=\"ro-RO\">ortodoxe rom\u00e2ne din Bamberg<\/span>, Sf\u00e2nta Cuvioas\u0103 Parascheva. <span lang=\"ro-RO\">S\u0103rb\u0103toarea a \u00eenceput diminea\u021ba, atunci c\u00e2nd \u00cenaltpreasfin\u021bitul P\u0103rinte Dr. Serafim, <\/span>Mitropolitul Mitropoliei Ortodoxe Rom\u00e2ne a Germaniei, Europei Centrale \u0219i de Nord, <span lang=\"ro-RO\">a fost \u00eent\u00e2mpinat de copiii parohiei cu p\u00e2ine \u0219i sare, dar \u0219i cu flori \u00een m\u00e2ini, \u00eembr\u0103ca\u021bi \u00een costume tradi\u021bionale rom\u00e2ne\u0219ti, semn al bucuriei suflete\u0219ti prilejuite tuturor de popasul duhovnicesc al P\u0103rintelui Mitropolit \u00een mijlocul credincio\u0219ilor.<\/span><\/p>\n<p><!--more--><\/p>\n<p>Sf\u00e2nta Liturghie <span lang=\"ro-RO\">a fost<\/span> oficia<span lang=\"ro-RO\">t\u0103<\/span> \u00een\u00a0sobor de preo\u021bi, av\u00e2ndu-l \u00een frunte pe\u00a0\u00cenaltpreasfin\u021bitul P\u0103rinte <span lang=\"ro-RO\">D<\/span>r. Serafim, cel care <span lang=\"ro-RO\">a<\/span> \u021bin<span lang=\"ro-RO\">ut<\/span> \u0219i un cuv\u00e2nt de \u00eenv\u0103\u021b\u0103tur\u0103 la sf\u00e2r\u0219itul slujbei. <span lang=\"ro-RO\">Cu acest prilej, \u00cenaltpreasfin\u021bitul a t\u00e2lcuit pilda sem\u0103n\u0103torului, explic\u00e2nd pe \u00een\u021belesul tuturor semnifica\u021biile textului Sfintei Evanghelii \u0219i \u00een acela\u0219i timp a mul\u021bumit p\u0103rintelui paroh Ionu\u021b P\u0103un pentru jertfa preacucerniciei sale \u0219i a familiei sale \u00een \u00eenfiin\u021barea parohiei \u00eencredin\u021bate. Au coslujit Preacuviosul P\u0103rinte Protosinghel Arsenie Dr\u0103gan, de la Centrul Mitropolitan din N<\/span><span lang=\"de-DE\">\u00fc<\/span><span lang=\"ro-RO\">rnberg, Preacucernicul P\u0103rinte Cosmin Laz\u0103r, de la parohia Balomiru de Camp, jud. Alba, Preacucernicul P\u0103rinte Drd. Ionu\u021b P\u0103un, parohul comunit\u0103\u021bii \u0219i Preacucernicul P\u0103rinte Diacon Dumitru Dura, secretarul Mitropoliei. <\/span><\/p>\n<p>Dup\u0103 bucuria duhovniceasc\u0103 a comuniunii din Sf\u00e2nta Liturghie a urma<span lang=\"ro-RO\">t<\/span> \u0219i aceea a comuniunii \u00een agapa fr\u0103\u021beasc\u0103, la care <span lang=\"ro-RO\">au putut fi degustate t<\/span>radi\u021bionalele m\u00e2nc\u0103ruri rom\u00e2ne\u0219ti, preg\u0103tite cu mult\u0103 d\u0103ruire \u0219i mare drag.<\/p>\n<p><span lang=\"ro-RO\">De asemenea, cu ocazia vizitei \u00een parohie, \u00cenaltpreasfin\u021bia Sa a d\u0103ruit p\u0103rintelui greco-catolic Bogdan Puszkar, diploma de onoare a Mitropoliei \u0219i crucea pectoral\u0103, \u00een semn de mare pre\u021buire \u0219i mul\u021bumire pentru sprijinul acordat de acesta parohiei din Bamberg. P\u0103rintele Puszkar este parohul parohiei greco-catolice ucrainiene \u0219i cel care a pus la dispozi\u021bie parohiei rom\u00e2ne\u0219ti din Bamberg, biserica \u0219i centrul parohial, pentru ca rom\u00e2nii din aceast\u0103 zon\u0103 a Franconiei s\u0103 poat\u0103 participa la sfintele slujbe. <\/span><\/p>\n<p><span lang=\"ro-RO\">Parohia ortodox\u0103 rom\u00e2n\u0103 din Bamberg, cu hramurile <\/span><span lang=\"de-DE\">\u201eSf<\/span><span lang=\"ro-RO\">\u00e2nta Cuvioas\u0103 Parascheva<\/span><span lang=\"de-DE\">\u201d <\/span><span lang=\"ro-RO\">\u0219i \u201eSfin\u021bii Mucenici Kilian, Kolonat \u0219i Totnan\u201d, a fost \u00eenfiin\u021bat\u0103 prin decizie mitropolitan\u0103 \u00een prim\u0103vara anului 2013, iar P\u0103rintele Drd. Ionu\u021b P\u0103un a primit ascultarea de a pune \u00een practic\u0103 respectiva decizie. <\/span><\/p>\n<p>Pr. <span lang=\"ro-RO\">Paroh<\/span> <span lang=\"ro-RO\">Drd. <\/span>Ionu\u021b P\u0103un<\/p>\n","protected":false},"excerpt":{"rendered":"<p>Duminic\u0103, 11 octombrie, a avut loc pr\u0103znuirea hramului de toamn\u0103 al parohiei ortodoxe rom\u00e2ne din Bamberg, Sf\u00e2nta Cuvioas\u0103 Parascheva. S\u0103rb\u0103toarea a \u00eenceput diminea\u021ba, atunci c\u00e2nd \u00cenaltpreasfin\u021bitul P\u0103rinte Dr. Serafim, Mitropolitul Mitropoliei Ortodoxe Rom\u00e2ne a Germaniei, Europei Centrale \u0219i de Nord, a fost \u00eent\u00e2mpinat de copiii parohiei cu p\u00e2ine \u0219i sare, dar \u0219i cu flori \u00een &#8230; <a class=\"read-more\" href=\"https:\/\/www.bambergorthodox.de\/?p=332\">Read more&#8230;<\/a><\/p>\n","protected":false},"author":1,"featured_media":0,"comment_status":"open","ping_status":"open","sticky":false,"template":"","format":"standard","meta":{"jetpack_post_was_ever_published":false,"_jetpack_newsletter_access":"","_jetpack_dont_email_post_to_subs":false,"_jetpack_newsletter_tier_id":0,"_jetpack_memberships_contains_paywalled_content":false,"_jetpack_memberships_contains_paid_content":false,"footnotes":"","jetpack_publicize_message":"","jetpack_publicize_feature_enabled":true,"jetpack_social_post_already_shared":false,"jetpack_social_options":{"image_generator_settings":{"template":"highway","default_image_id":0,"font":"","enabled":false},"version":2}},"categories":[5],"tags":[],"class_list":["post-332","post","type-post","status-publish","format-standard","hentry","category-text_menue"],"jetpack_publicize_connections":[],"jetpack_featured_media_url":"","jetpack_sharing_enabled":true,"jetpack_shortlink":"https:\/\/wp.me\/p93ZOd-5m","_links":{"self":[{"href":"https:\/\/www.bambergorthodox.de\/index.php?rest_route=\/wp\/v2\/posts\/332","targetHints":{"allow":["GET"]}}],"collection":[{"href":"https:\/\/www.bambergorthodox.de\/index.php?rest_route=\/wp\/v2\/posts"}],"about":[{"href":"https:\/\/www.bambergorthodox.de\/index.php?rest_route=\/wp\/v2\/types\/post"}],"author":[{"embeddable":true,"href":"https:\/\/www.bambergorthodox.de\/index.php?rest_route=\/wp\/v2\/users\/1"}],"replies":[{"embeddable":true,"href":"https:\/\/www.bambergorthodox.de\/index.php?rest_route=%2Fwp%2Fv2%2Fcomments&post=332"}],"version-history":[{"count":6,"href":"https:\/\/www.bambergorthodox.de\/index.php?rest_route=\/wp\/v2\/posts\/332\/revisions"}],"predecessor-version":[{"id":344,"href":"https:\/\/www.bambergorthodox.de\/index.php?rest_route=\/wp\/v2\/posts\/332\/revisions\/344"}],"wp:attachment":[{"href":"https:\/\/www.bambergorthodox.de\/index.php?rest_route=%2Fwp%2Fv2%2Fmedia&parent=332"}],"wp:term":[{"taxonomy":"category","embeddable":true,"href":"https:\/\/www.bambergorthodox.de\/index.php?rest_route=%2Fwp%2Fv2%2Fcategories&post=332"},{"taxonomy":"post_tag","embeddable":true,"href":"https:\/\/www.bambergorthodox.de\/index.php?rest_route=%2Fwp%2Fv2%2Ftags&post=332"}],"curies":[{"name":"wp","href":"https:\/\/api.w.org\/{rel}","templated":true}]}}