{"id":3285,"date":"2017-12-05T11:50:45","date_gmt":"2017-12-05T10:50:45","guid":{"rendered":"http:\/\/www.bambergorthodox.de\/?p=3285"},"modified":"2017-12-11T08:38:51","modified_gmt":"2017-12-11T07:38:51","slug":"concerte-de-colinde-in-parohia-noastra","status":"publish","type":"post","link":"https:\/\/www.bambergorthodox.de\/?p=3285","title":{"rendered":"Concerte de colinde \u00een parohia noastr\u0103"},"content":{"rendered":"V\u0103 invit cu mare bucurie \u0219i emo\u021bie s\u0103 participa\u021bi la dou\u0103 concerte de colinde, ce vor avea loc \u00een biserica parohiei noastre, dup\u0103 cum urmeaz\u0103:<\/p>\n<p><a  href=\"https:\/\/www.bambergorthodox.de\/wp-content\/uploads\/2017\/12\/Afis-Bamberg-Craciun-2017.jpg\" data-rel=\"lightbox-gallery-0\" data-rl_title=\"\" data-rl_caption=\"\" title=\"\"><img loading=\"lazy\" decoding=\"async\" class=\"wp-image-3288 alignleft\" src=\"https:\/\/www.bambergorthodox.de\/wp-content\/uploads\/2017\/12\/Afis-Bamberg-Craciun-2017-212x300.jpg\" alt=\"\" width=\"221\" height=\"313\" srcset=\"https:\/\/www.bambergorthodox.de\/wp-content\/uploads\/2017\/12\/Afis-Bamberg-Craciun-2017-212x300.jpg 212w, https:\/\/www.bambergorthodox.de\/wp-content\/uploads\/2017\/12\/Afis-Bamberg-Craciun-2017-768x1086.jpg 768w, https:\/\/www.bambergorthodox.de\/wp-content\/uploads\/2017\/12\/Afis-Bamberg-Craciun-2017-724x1024.jpg 724w, https:\/\/www.bambergorthodox.de\/wp-content\/uploads\/2017\/12\/Afis-Bamberg-Craciun-2017.jpg 1240w\" sizes=\"auto, (max-width: 221px) 100vw, 221px\" \/><\/a><\/p>\n<p>&nbsp;<\/p>\n<p>Duminic\u0103, 17 decembrie, orele 18:00<\/p>\n<p>Corul &#8222;Sf. Martiri Br\u00e2ncoveni&#8221; al Catedralei din N\u00fcrnberg<\/p>\n<p>&nbsp;<\/p>\n<p>&nbsp;<\/p>\n<p>&nbsp;<\/p>\n<p>&nbsp;<\/p>\n<p>&nbsp;<\/p>\n<p><a  href=\"https:\/\/www.bambergorthodox.de\/wp-content\/uploads\/2017\/12\/Colinde-Kopie.jpg\" data-rel=\"lightbox-gallery-0\" data-rl_title=\"\" data-rl_caption=\"\" title=\"\"><img loading=\"lazy\" decoding=\"async\" class=\"wp-image-3289 alignleft\" src=\"https:\/\/www.bambergorthodox.de\/wp-content\/uploads\/2017\/12\/Colinde-Kopie-225x300.jpg\" alt=\"\" width=\"221\" height=\"295\" srcset=\"https:\/\/www.bambergorthodox.de\/wp-content\/uploads\/2017\/12\/Colinde-Kopie-225x300.jpg 225w, https:\/\/www.bambergorthodox.de\/wp-content\/uploads\/2017\/12\/Colinde-Kopie-768x1024.jpg 768w, https:\/\/www.bambergorthodox.de\/wp-content\/uploads\/2017\/12\/Colinde-Kopie.jpg 1125w\" sizes=\"auto, (max-width: 221px) 100vw, 221px\" \/><\/a><\/p>\n<p>&nbsp;<\/p>\n<p>S\u00e2mb\u0103t\u0103, 23 decembrie, orele 15:00<\/p>\n<p>Corul parohiei noastre \u0219i copiii de la \u0219coala duminical\u0103<\/p>\n<p>&nbsp;<\/p>\n<p>&nbsp;<\/p>\n<p>&nbsp;<\/p>\n<p>&nbsp;<\/p>\n<p>V\u0103 a\u0219tept cu dragoste!<\/p>\n<p>Pr. P\u0103un","protected":false},"excerpt":{"rendered":"<p>V\u0103 invit cu mare bucurie \u0219i emo\u021bie s\u0103 participa\u021bi la dou\u0103 concerte de colinde, ce vor avea loc \u00een biserica parohiei noastre, dup\u0103 cum urmeaz\u0103: &nbsp; Duminic\u0103, 17 decembrie, orele 18:00 Corul &#8222;Sf. Martiri Br\u00e2ncoveni&#8221; al Catedralei din N\u00fcrnberg &nbsp; &nbsp; &nbsp; &nbsp; &nbsp; &nbsp; S\u00e2mb\u0103t\u0103, 23 decembrie, orele 15:00 Corul parohiei noastre \u0219i copiii &#8230; <a class=\"read-more\" href=\"https:\/\/www.bambergorthodox.de\/?p=3285\">Read more&#8230;<\/a><\/p>\n","protected":false},"author":2,"featured_media":0,"comment_status":"closed","ping_status":"open","sticky":false,"template":"","format":"standard","meta":{"jetpack_post_was_ever_published":false,"_jetpack_newsletter_access":"","_jetpack_dont_email_post_to_subs":false,"_jetpack_newsletter_tier_id":0,"_jetpack_memberships_contains_paywalled_content":false,"_jetpack_memberships_contains_paid_content":false,"footnotes":"","jetpack_publicize_message":"","jetpack_publicize_feature_enabled":true,"jetpack_social_post_already_shared":true,"jetpack_social_options":{"image_generator_settings":{"template":"highway","default_image_id":0,"font":"","enabled":false},"version":2}},"categories":[5],"tags":[],"class_list":["post-3285","post","type-post","status-publish","format-standard","hentry","category-text_menue"],"jetpack_publicize_connections":[],"jetpack_featured_media_url":"","jetpack_sharing_enabled":true,"jetpack_shortlink":"https:\/\/wp.me\/p93ZOd-QZ","_links":{"self":[{"href":"https:\/\/www.bambergorthodox.de\/index.php?rest_route=\/wp\/v2\/posts\/3285","targetHints":{"allow":["GET"]}}],"collection":[{"href":"https:\/\/www.bambergorthodox.de\/index.php?rest_route=\/wp\/v2\/posts"}],"about":[{"href":"https:\/\/www.bambergorthodox.de\/index.php?rest_route=\/wp\/v2\/types\/post"}],"author":[{"embeddable":true,"href":"https:\/\/www.bambergorthodox.de\/index.php?rest_route=\/wp\/v2\/users\/2"}],"replies":[{"embeddable":true,"href":"https:\/\/www.bambergorthodox.de\/index.php?rest_route=%2Fwp%2Fv2%2Fcomments&post=3285"}],"version-history":[{"count":16,"href":"https:\/\/www.bambergorthodox.de\/index.php?rest_route=\/wp\/v2\/posts\/3285\/revisions"}],"predecessor-version":[{"id":3321,"href":"https:\/\/www.bambergorthodox.de\/index.php?rest_route=\/wp\/v2\/posts\/3285\/revisions\/3321"}],"wp:attachment":[{"href":"https:\/\/www.bambergorthodox.de\/index.php?rest_route=%2Fwp%2Fv2%2Fmedia&parent=3285"}],"wp:term":[{"taxonomy":"category","embeddable":true,"href":"https:\/\/www.bambergorthodox.de\/index.php?rest_route=%2Fwp%2Fv2%2Fcategories&post=3285"},{"taxonomy":"post_tag","embeddable":true,"href":"https:\/\/www.bambergorthodox.de\/index.php?rest_route=%2Fwp%2Fv2%2Ftags&post=3285"}],"curies":[{"name":"wp","href":"https:\/\/api.w.org\/{rel}","templated":true}]}}