{"id":3064,"date":"2017-10-20T15:32:44","date_gmt":"2017-10-20T13:32:44","guid":{"rendered":"http:\/\/www.bambergorthodox.de\/?p=3064"},"modified":"2017-10-25T10:58:08","modified_gmt":"2017-10-25T08:58:08","slug":"bucurie-duhovniceasca-cu-ocazia-hramului","status":"publish","type":"post","link":"https:\/\/www.bambergorthodox.de\/?p=3064","title":{"rendered":"Bucurie duhovniceasc\u0103 cu ocazia hramului"},"content":{"rendered":"<em><a  href=\"https:\/\/www.bambergorthodox.de\/wp-content\/uploads\/2017\/10\/DML_3355.jpg\" data-rel=\"lightbox-gallery-0\" data-rl_title=\"\" data-rl_caption=\"\" title=\"\"><img loading=\"lazy\" decoding=\"async\" class=\"size-medium wp-image-3073 alignleft\" src=\"https:\/\/www.bambergorthodox.de\/wp-content\/uploads\/2017\/10\/DML_3355-200x300.jpg\" alt=\"\" width=\"200\" height=\"300\" srcset=\"https:\/\/www.bambergorthodox.de\/wp-content\/uploads\/2017\/10\/DML_3355-200x300.jpg 200w, https:\/\/www.bambergorthodox.de\/wp-content\/uploads\/2017\/10\/DML_3355-768x1152.jpg 768w, https:\/\/www.bambergorthodox.de\/wp-content\/uploads\/2017\/10\/DML_3355-683x1024.jpg 683w\" sizes=\"auto, (max-width: 200px) 100vw, 200px\" \/><\/a>Parohia noastr\u0103 a \u00eembracat haine de s\u0103rb\u0103toare \u00een data de 15 octombrie. \u00cen aceast\u0103 duminic\u0103 a fost cinstit\u0103 ocrotitoarea noastr\u0103, Sf\u00e2nta Cuvioas\u0103 Parascheva, prin slujirea Sfintei Liturghii \u0219i printr-un program duhovnicesc. Biserica a devenit ne\u00eenc\u0103p\u0103toare pentru credincio\u0219ii care au dorit s\u0103 se bucure de ziua sf\u00e2nt\u0103 a hramului. Programul artistic al copiilor de la \u0219coala duminical\u0103 a \u00eenceput imediat dup\u0103 otpustul Sfintei Liturghii. Ace\u0219tia au c\u00e2ntat c\u00e2ntece \u00een cinstea cuvioasei, troparul acesteia, apoi au recitat poezii \u0219i ghicitori cre\u0219tine. La final, p\u0103rintele Ionu\u021b a oferit fiec\u0103rui copil c\u00e2te o diplom\u0103 de participare, drept recuno\u0219tin\u021b\u0103 pentru efortul depus de ace\u0219tia \u00eenc\u0103 de la \u00eenfiin\u021barea <a href=\"https:\/\/www.bambergorthodox.de\/?page_id=28\">\u0218colii duminicale<\/a>. De asemenea, doamna preoteas\u0103 \u0219i doamnele profesoare, care se ocup\u0103 cu mult\u0103 dragoste de tinerii parohiei noastre, au primit mul\u021bumiri \u0219i au fost \u00eencurajate s\u0103 continue acest frumos proiect.<\/em><!--more--><\/p>\n<p>Programul duhovnicesc al zilei a continuat \u00een s\u0103lile de l\u00e2ng\u0103 biseric\u0103, unde \u00een timp ce credincio\u0219ii gustau din cele preg\u0103tite, p\u0103rintele Ionu\u021b a citit via\u021ba Sfintei Cuvioase Parascheva, din Vie\u021bile Sfin\u021bilor pe luna octombrie. A urmat apoi prezentarea pe videoproiector a unui scurt film din via\u021ba sfintei \u0219i a c\u00e2torva \u0219tiri recente, de pe canalul <a href=\"http:\/\/www.trinitas.tv\">Trinitas Tv<\/a> al Patriarhiei rom\u00e2ne, de la s\u0103rb\u0103toarea pr\u0103znuit\u0103 la Ia\u0219i \u00een acest an. Credincio\u0219ii s-au putut bucura \u0219i de prezentarea explicit\u0103 a paginii de internet a parohiei (<a href=\"http:\/\/www.Bambergorthodox.de\">www.BambergOrthodox.de)<\/a>, unde p\u0103rintele le-a explicat fiecare meniu \u0219i submeniu, ce alc\u0103tuiesc site-ul parohiei. Pe acest\u0103 pagin\u0103, credincio\u0219ii pot afla toate informa\u021biile despre \u00eentreaga activitate a parohiei.<\/p>\n<p>\u00cen final, to\u021bi cei care au fost prezen\u021bi, au plecat bucuro\u0219i de faptul c\u0103 au reu\u0219it s\u0103 aduc\u0103 cinstire ocrotitoarei noastre \u0219i c\u0103 \u0219i-au \u00eembog\u0103\u021bit cuno\u0219tin\u021bele referitoare la via\u021ba sfintei. M\u00e2ncarea preg\u0103tit\u0103 a reprezentat numai un suport pentru \u00eembog\u0103\u021birea spiritual\u0103. \u00cencep\u00e2nd din acest an, hramurile noastre vor avea un deosebit accent duhovnicesc \u0219i vor fi pr\u0103znuite \u00een c\u00e2nt\u0103ri cre\u0219tine \u0219i aduc\u00e2nd slav\u0103 lui Dumnezeu.<\/p>\n<p>Sl\u0103vit s\u0103 fie Domnul!<\/p>\n<p>P\u0103rintele Ionu\u021b<\/p>\n<p>&nbsp;<\/p>\n[metaslider id=3096]","protected":false},"excerpt":{"rendered":"<p>Parohia noastr\u0103 a \u00eembracat haine de s\u0103rb\u0103toare \u00een data de 15 octombrie. \u00cen aceast\u0103 duminic\u0103 a fost cinstit\u0103 ocrotitoarea noastr\u0103, Sf\u00e2nta Cuvioas\u0103 Parascheva, prin slujirea Sfintei Liturghii \u0219i printr-un program duhovnicesc. Biserica a devenit ne\u00eenc\u0103p\u0103toare pentru credincio\u0219ii care au dorit s\u0103 se bucure de ziua sf\u00e2nt\u0103 a hramului. Programul artistic al copiilor de la \u0219coala &#8230; <a class=\"read-more\" href=\"https:\/\/www.bambergorthodox.de\/?p=3064\">Read more&#8230;<\/a><\/p>\n","protected":false},"author":2,"featured_media":0,"comment_status":"closed","ping_status":"open","sticky":false,"template":"","format":"standard","meta":{"jetpack_post_was_ever_published":false,"_jetpack_newsletter_access":"","_jetpack_dont_email_post_to_subs":false,"_jetpack_newsletter_tier_id":0,"_jetpack_memberships_contains_paywalled_content":false,"_jetpack_memberships_contains_paid_content":false,"footnotes":"","jetpack_publicize_message":"","jetpack_publicize_feature_enabled":true,"jetpack_social_post_already_shared":true,"jetpack_social_options":{"image_generator_settings":{"template":"highway","default_image_id":0,"font":"","enabled":false},"version":2}},"categories":[5],"tags":[],"class_list":["post-3064","post","type-post","status-publish","format-standard","hentry","category-text_menue"],"jetpack_publicize_connections":[],"jetpack_featured_media_url":"","jetpack_sharing_enabled":true,"jetpack_shortlink":"https:\/\/wp.me\/p93ZOd-Nq","_links":{"self":[{"href":"https:\/\/www.bambergorthodox.de\/index.php?rest_route=\/wp\/v2\/posts\/3064","targetHints":{"allow":["GET"]}}],"collection":[{"href":"https:\/\/www.bambergorthodox.de\/index.php?rest_route=\/wp\/v2\/posts"}],"about":[{"href":"https:\/\/www.bambergorthodox.de\/index.php?rest_route=\/wp\/v2\/types\/post"}],"author":[{"embeddable":true,"href":"https:\/\/www.bambergorthodox.de\/index.php?rest_route=\/wp\/v2\/users\/2"}],"replies":[{"embeddable":true,"href":"https:\/\/www.bambergorthodox.de\/index.php?rest_route=%2Fwp%2Fv2%2Fcomments&post=3064"}],"version-history":[{"count":5,"href":"https:\/\/www.bambergorthodox.de\/index.php?rest_route=\/wp\/v2\/posts\/3064\/revisions"}],"predecessor-version":[{"id":3147,"href":"https:\/\/www.bambergorthodox.de\/index.php?rest_route=\/wp\/v2\/posts\/3064\/revisions\/3147"}],"wp:attachment":[{"href":"https:\/\/www.bambergorthodox.de\/index.php?rest_route=%2Fwp%2Fv2%2Fmedia&parent=3064"}],"wp:term":[{"taxonomy":"category","embeddable":true,"href":"https:\/\/www.bambergorthodox.de\/index.php?rest_route=%2Fwp%2Fv2%2Fcategories&post=3064"},{"taxonomy":"post_tag","embeddable":true,"href":"https:\/\/www.bambergorthodox.de\/index.php?rest_route=%2Fwp%2Fv2%2Ftags&post=3064"}],"curies":[{"name":"wp","href":"https:\/\/api.w.org\/{rel}","templated":true}]}}