{"id":3055,"date":"2017-10-13T10:32:11","date_gmt":"2017-10-13T08:32:11","guid":{"rendered":"http:\/\/www.bambergorthodox.de\/?p=3055"},"modified":"2017-10-13T10:34:31","modified_gmt":"2017-10-13T08:34:31","slug":"hramul-de-toamna","status":"publish","type":"post","link":"https:\/\/www.bambergorthodox.de\/?p=3055","title":{"rendered":"Hramul de toamn\u0103"},"content":{"rendered":"<a  href=\"https:\/\/www.bambergorthodox.de\/wp-content\/uploads\/2017\/10\/sf-parascheva.png\" data-rel=\"lightbox-gallery-0\" data-rl_title=\"\" data-rl_caption=\"\" title=\"\"><img loading=\"lazy\" decoding=\"async\" class=\"size-medium wp-image-3056 alignleft\" src=\"https:\/\/www.bambergorthodox.de\/wp-content\/uploads\/2017\/10\/sf-parascheva-200x300.png\" alt=\"\" width=\"200\" height=\"300\" srcset=\"https:\/\/www.bambergorthodox.de\/wp-content\/uploads\/2017\/10\/sf-parascheva-200x300.png 200w, https:\/\/www.bambergorthodox.de\/wp-content\/uploads\/2017\/10\/sf-parascheva.png 431w\" sizes=\"auto, (max-width: 200px) 100vw, 200px\" \/><\/a><em>Dragi fra\u021bi \u0219i surori \u00eentru Domnul,<\/em><\/p>\n<p><em>duminica aceasta, 15 octombrie, v\u0103 invit\u0103m la s\u0103rb\u0103toarea hramului de toamn\u0103 (Sf\u00e2nta Cuvioas\u0103 Parascheva).<\/em><br \/>\n<strong><em> Sf\u00e2nta Liturghie va \u00eencepe de la 9.30.<\/em><\/strong><\/p>\n<p><em>\u00cen continuare, ziua se va desf\u0103\u0219ura dup\u0103 cum urmeaz\u0103:<\/em><br \/>\n<em> &#8211; program artistic al copiilor parohiei<\/em><br \/>\n<em> &#8211; pricesne c\u00e2ntate \u00eempreun\u0103<\/em><br \/>\n<em> &#8211; prezentare unui scurt film despre via\u021ba Cuvioasei<\/em><br \/>\n<em> &#8211; prezentarea paginii de internet a parohiei<\/em><br \/>\n<em> &#8211; citirea vie\u021bii Cuvioasei<\/em><\/p>\n<p><!--more--><\/p>\n<p><em> V\u0103 a\u0219tept\u0103m cu aperitiv rece \u0219i pr\u0103jituri tradi\u021bionale.<\/em><\/p>\n<p><em>Pentru participarea la s\u0103rb\u0103toarea hramului este necesar\u0103 \u00eenscrierea pe lista afi\u0219at\u0103 la biseric\u0103.<\/em><\/p>\n<p><em>Pr. P\u0103un<\/em>","protected":false},"excerpt":{"rendered":"<p>Dragi fra\u021bi \u0219i surori \u00eentru Domnul, duminica aceasta, 15 octombrie, v\u0103 invit\u0103m la s\u0103rb\u0103toarea hramului de toamn\u0103 (Sf\u00e2nta Cuvioas\u0103 Parascheva). Sf\u00e2nta Liturghie va \u00eencepe de la 9.30. \u00cen continuare, ziua se va desf\u0103\u0219ura dup\u0103 cum urmeaz\u0103: &#8211; program artistic al copiilor parohiei &#8211; pricesne c\u00e2ntate \u00eempreun\u0103 &#8211; prezentare unui scurt film despre via\u021ba Cuvioasei &#8211; &#8230; <a class=\"read-more\" href=\"https:\/\/www.bambergorthodox.de\/?p=3055\">Read more&#8230;<\/a><\/p>\n","protected":false},"author":2,"featured_media":0,"comment_status":"closed","ping_status":"open","sticky":false,"template":"","format":"standard","meta":{"jetpack_post_was_ever_published":false,"_jetpack_newsletter_access":"","_jetpack_dont_email_post_to_subs":false,"_jetpack_newsletter_tier_id":0,"_jetpack_memberships_contains_paywalled_content":false,"_jetpack_memberships_contains_paid_content":false,"footnotes":"","jetpack_publicize_message":"","jetpack_publicize_feature_enabled":true,"jetpack_social_post_already_shared":true,"jetpack_social_options":{"image_generator_settings":{"template":"highway","default_image_id":0,"font":"","enabled":false},"version":2}},"categories":[5],"tags":[],"class_list":["post-3055","post","type-post","status-publish","format-standard","hentry","category-text_menue"],"jetpack_publicize_connections":[],"jetpack_featured_media_url":"","jetpack_sharing_enabled":true,"jetpack_shortlink":"https:\/\/wp.me\/p93ZOd-Nh","_links":{"self":[{"href":"https:\/\/www.bambergorthodox.de\/index.php?rest_route=\/wp\/v2\/posts\/3055","targetHints":{"allow":["GET"]}}],"collection":[{"href":"https:\/\/www.bambergorthodox.de\/index.php?rest_route=\/wp\/v2\/posts"}],"about":[{"href":"https:\/\/www.bambergorthodox.de\/index.php?rest_route=\/wp\/v2\/types\/post"}],"author":[{"embeddable":true,"href":"https:\/\/www.bambergorthodox.de\/index.php?rest_route=\/wp\/v2\/users\/2"}],"replies":[{"embeddable":true,"href":"https:\/\/www.bambergorthodox.de\/index.php?rest_route=%2Fwp%2Fv2%2Fcomments&post=3055"}],"version-history":[{"count":4,"href":"https:\/\/www.bambergorthodox.de\/index.php?rest_route=\/wp\/v2\/posts\/3055\/revisions"}],"predecessor-version":[{"id":3060,"href":"https:\/\/www.bambergorthodox.de\/index.php?rest_route=\/wp\/v2\/posts\/3055\/revisions\/3060"}],"wp:attachment":[{"href":"https:\/\/www.bambergorthodox.de\/index.php?rest_route=%2Fwp%2Fv2%2Fmedia&parent=3055"}],"wp:term":[{"taxonomy":"category","embeddable":true,"href":"https:\/\/www.bambergorthodox.de\/index.php?rest_route=%2Fwp%2Fv2%2Fcategories&post=3055"},{"taxonomy":"post_tag","embeddable":true,"href":"https:\/\/www.bambergorthodox.de\/index.php?rest_route=%2Fwp%2Fv2%2Ftags&post=3055"}],"curies":[{"name":"wp","href":"https:\/\/api.w.org\/{rel}","templated":true}]}}