{"id":2856,"date":"2017-06-19T10:03:37","date_gmt":"2017-06-19T08:03:37","guid":{"rendered":"http:\/\/www.bambergorthodox.de\/?p=2856"},"modified":"2018-06-18T15:10:29","modified_gmt":"2018-06-18T13:10:29","slug":"hramul-de-vara","status":"publish","type":"post","link":"https:\/\/www.bambergorthodox.de\/?p=2856","title":{"rendered":"Invita\u021bie la hramul de var\u0103 al parohiei"},"content":{"rendered":"<a  href=\"https:\/\/www.bambergorthodox.de\/wp-content\/uploads\/2017\/06\/DSC00287.jpg\" data-rel=\"lightbox-gallery-0\" data-rl_title=\"\" data-rl_caption=\"\" title=\"\"><img loading=\"lazy\" decoding=\"async\" class=\"size-medium wp-image-2857 alignleft\" src=\"https:\/\/www.bambergorthodox.de\/wp-content\/uploads\/2017\/06\/DSC00287-300x200.jpg\" alt=\"\" width=\"300\" height=\"200\" \/><\/a>Dragi credincio\u0219i,<\/p>\n<p><strong>Duminic\u0103, 8 iulie<\/strong>, vom s\u0103rb\u0103tori <strong>hramul de var\u0103<\/strong> \u0219i vom cinsti astfel pe ocrotitorii parohiei noastre, sfin\u021bii mucenici Kilian, Kolonat \u0219i Totnan.<\/p>\n<p>Programul zilei:<\/p>\n<ul>\n<li><strong>10.00 &#8211; Acatistul Sfin\u021bilor ortodoc\u0219i din spa\u021biul german<\/strong><\/li>\n<li><strong>10.30 &#8211; Sf\u00e2nta Liturghie \u0219i program artistic al copiilor parohiei<\/strong><\/li>\n<li><strong>14.30<\/strong>\u00a0&#8211;\u00a0<strong>dup\u0103 amiaz\u0103 la iarb\u0103 verde<\/strong>, agap\u0103 cu gr\u0103tar \u0219i pr\u0103jituri tradi\u021bionale.<\/li>\n<\/ul>\n<p><em><strong>Loca\u021bia: BSC Bamberg 1920 e.V. &#8211;\u00a0Am Sendelbach 4, 96050 Bamberg<\/strong><\/em><\/p>\n<p>Pentru participare este <strong>necesar\u0103 \u00eenscrierea pe lista afi\u0219at\u0103 la biseric\u0103<\/strong>.<\/p>\n<p>V\u0103 a\u0219tept\u0103m cu drag!<\/p>\n<p>Pr. P\u0103un<\/p>\n<p>&nbsp;","protected":false},"excerpt":{"rendered":"<p>Dragi credincio\u0219i, Duminic\u0103, 8 iulie, vom s\u0103rb\u0103tori hramul de var\u0103 \u0219i vom cinsti astfel pe ocrotitorii parohiei noastre, sfin\u021bii mucenici Kilian, Kolonat \u0219i Totnan. Programul zilei: 10.00 &#8211; Acatistul Sfin\u021bilor ortodoc\u0219i din spa\u021biul german 10.30 &#8211; Sf\u00e2nta Liturghie \u0219i program artistic al copiilor parohiei 14.30\u00a0&#8211;\u00a0dup\u0103 amiaz\u0103 la iarb\u0103 verde, agap\u0103 cu gr\u0103tar \u0219i pr\u0103jituri tradi\u021bionale. &#8230; <a class=\"read-more\" href=\"https:\/\/www.bambergorthodox.de\/?p=2856\">Read more&#8230;<\/a><\/p>\n","protected":false},"author":2,"featured_media":0,"comment_status":"closed","ping_status":"open","sticky":false,"template":"","format":"standard","meta":{"jetpack_post_was_ever_published":false,"_jetpack_newsletter_access":"","_jetpack_dont_email_post_to_subs":false,"_jetpack_newsletter_tier_id":0,"_jetpack_memberships_contains_paywalled_content":false,"_jetpack_memberships_contains_paid_content":false,"footnotes":"","jetpack_publicize_message":"","jetpack_publicize_feature_enabled":true,"jetpack_social_post_already_shared":false,"jetpack_social_options":{"image_generator_settings":{"template":"highway","default_image_id":0,"font":"","enabled":false},"version":2}},"categories":[5],"tags":[],"class_list":["post-2856","post","type-post","status-publish","format-standard","hentry","category-text_menue"],"jetpack_publicize_connections":[],"jetpack_featured_media_url":"","jetpack_sharing_enabled":true,"jetpack_shortlink":"https:\/\/wp.me\/p93ZOd-K4","_links":{"self":[{"href":"https:\/\/www.bambergorthodox.de\/index.php?rest_route=\/wp\/v2\/posts\/2856","targetHints":{"allow":["GET"]}}],"collection":[{"href":"https:\/\/www.bambergorthodox.de\/index.php?rest_route=\/wp\/v2\/posts"}],"about":[{"href":"https:\/\/www.bambergorthodox.de\/index.php?rest_route=\/wp\/v2\/types\/post"}],"author":[{"embeddable":true,"href":"https:\/\/www.bambergorthodox.de\/index.php?rest_route=\/wp\/v2\/users\/2"}],"replies":[{"embeddable":true,"href":"https:\/\/www.bambergorthodox.de\/index.php?rest_route=%2Fwp%2Fv2%2Fcomments&post=2856"}],"version-history":[{"count":5,"href":"https:\/\/www.bambergorthodox.de\/index.php?rest_route=\/wp\/v2\/posts\/2856\/revisions"}],"predecessor-version":[{"id":3637,"href":"https:\/\/www.bambergorthodox.de\/index.php?rest_route=\/wp\/v2\/posts\/2856\/revisions\/3637"}],"wp:attachment":[{"href":"https:\/\/www.bambergorthodox.de\/index.php?rest_route=%2Fwp%2Fv2%2Fmedia&parent=2856"}],"wp:term":[{"taxonomy":"category","embeddable":true,"href":"https:\/\/www.bambergorthodox.de\/index.php?rest_route=%2Fwp%2Fv2%2Fcategories&post=2856"},{"taxonomy":"post_tag","embeddable":true,"href":"https:\/\/www.bambergorthodox.de\/index.php?rest_route=%2Fwp%2Fv2%2Ftags&post=2856"}],"curies":[{"name":"wp","href":"https:\/\/api.w.org\/{rel}","templated":true}]}}