{"id":2850,"date":"2017-05-29T13:30:02","date_gmt":"2017-05-29T11:30:02","guid":{"rendered":"http:\/\/www.bambergorthodox.de\/?p=2850"},"modified":"2017-05-29T13:30:02","modified_gmt":"2017-05-29T11:30:02","slug":"biserica-marturisitoare-conferinte-in-bavaria-dedicate-aparatorilor-ortodoxiei-in-timpul-comunismului","status":"publish","type":"post","link":"https:\/\/www.bambergorthodox.de\/?p=2850","title":{"rendered":"&#8221;Biserica M\u0103rturisitoare&#8221; | Conferin\u0163e \u00een Bavaria, dedicate ap\u0103r\u0103torilor Ortodoxiei \u00een timpul comunismului"},"content":{"rendered":"<em><img loading=\"lazy\" decoding=\"async\" class=\"size-medium wp-image-2805 alignleft\" src=\"https:\/\/www.bambergorthodox.de\/wp-content\/uploads\/2017\/05\/IMG_0420-300x225.jpg\" alt=\"\" width=\"300\" height=\"225\" srcset=\"https:\/\/www.bambergorthodox.de\/wp-content\/uploads\/2017\/05\/IMG_0420-300x225.jpg 300w, https:\/\/www.bambergorthodox.de\/wp-content\/uploads\/2017\/05\/IMG_0420-768x576.jpg 768w, https:\/\/www.bambergorthodox.de\/wp-content\/uploads\/2017\/05\/IMG_0420-1024x768.jpg 1024w\" sizes=\"auto, (max-width: 300px) 100vw, 300px\" \/>\u00cen cadrul manifest\u0103rilor dedicate Anului 2017 &#8211; an comemorativ Justinian Patriarhul \u015fi al ap\u0103r\u0103torilor Ortodoxiei \u00een timpul Comunismului, \u00een mai multe parohii din Bavaria a fost organizat\u0103 \u00eentre 25-28 mai o serie de conferin\u0163e intitulat\u0103 &#8222;Biserica M\u0103rturisitoare&#8221;, dedicat\u0103 vie\u0163ii Bisericii Ortodoxe Rom\u00e2ne \u00een perioada comunist\u0103. Pentru aceast\u0103 serie de prelegeri a fost invitat istoricul g\u0103l\u0103\u0163ean prof. dr. George Enache, specialist \u00een istoria bisericeasc\u0103 recent\u0103, autor de volume \u015fi studii dedicat\u0103 acestei perioade dificile pentru Biserica Rom\u00e2neasc\u0103.<\/em><!--more--><\/p>\n<p><span class=\"text_exposed_show\">Conferin\u0163ele au avut loc \u00een preajma S\u0103rb\u0103torii \u00cen\u0103l\u0163\u0103rii Domnului, care este \u015fi Ziua comemor\u0103rii eroilor neamului.\u00a0 Subiectul principal al celor patru prezentr\u0103ri a fost expunerea situa\u0163iei dificile a Bisericii \u00een timpul regimului comunist, istoricul prezent\u00e2nd detaliat \u015fi portrete ale unor mari personalit\u0103\u0163i care au luptat pentru ap\u0103rarea Ortodoxiei, precum Patriarhul Justinian, episcopul Nicolae Popovici al Oradiei, p\u0103rin\u0163ii Arsenie Boca, Daniil Sandu Tudor, Ioan Iovan, numero\u015fi episcopi, c\u0103lug\u0103ri, maici, preo\u0163i \u015fi mireni. <\/span><\/p>\n<p><span class=\"text_exposed_show\">Joi, 25 mai, dup\u0103 Sf\u00e2nta Liturghie de Praznicul \u00cen\u0103l\u0163\u0103rii Domnului, la Parohia &#8222;Sf. Cuv. Parascheva&#8221; din Bamberg, domnul profesor George Enache a vorbit auditoriului despre personalitatea Patriarhului Justinian \u015fi rolul s\u0103u \u00een rezisten\u0163a Bisericii Ortodoxe Rom\u00e2ne \u00een timpul comunismului. Profesorul a f\u0103cut men\u0163iuni \u015fi despre p\u0103rintele Arsenie Boca \u015fi via\u0163a sa \u00een timpul domiciliului \u00een Bucure\u015fti, despre p\u0103rintele Ioan Iovan \u015fi rezisten\u0163a sa \u00een timpul anchetelor Securit\u0103\u0163ii. Cei de fa\u0163\u0103 au adresat \u00eentreb\u0103ri cu privire la modul \u00een care <\/span><span class=\"text_exposed_show\">perioada comunist\u0103 <\/span><span class=\"text_exposed_show\">este azi receptat\u0103 \u00een societate, dar \u015fi \u00een manualele \u015fcolare \u015fi cu privire la rolul p\u0103rin\u0163ilor duhovnice\u015fti aminti\u0163i \u00een via\u0163a de azi a Bisericii.<br \/>\n<\/span><\/p>\n<p>\u00cen seara de vineri, 26 mai, la conferin\u0163a desf\u0103\u015furat\u0103 \u00een sala Centrului Mitropolitan din N\u00fcrnberg, prof. Enache a insistat asupra activit\u0103\u0163ii mi\u015fc\u0103rii &#8222;Rugul Aprins&#8221; \u015fi a urm\u0103rilor ei, f\u0103c\u00e2nd referire la suferin\u0163ele grele ale m\u0103rturisitorilor din \u00eenchisori, iar \u00een final a r\u0103spuns la \u00eentreb\u0103ri legate de receptarea biografiilor unora dintre ap\u0103r\u0103torii Ortodoxiei ast\u0103zi. Ciclul de conferin\u0163e a continuat s\u00e2mb\u0103t\u0103, 27 mai la Centrul Bisericesc Rom\u00e2nesc din M\u00fcnchen, unde a fost prezentat\u0103 via\u0163a bisericeasc\u0103 \u00een timpul Patriarhului Justinian \u015fi rolul marelui ierarh \u00een \u00eent\u0103rirea comunit\u0103\u0163ilor ortodoxe \u00een cea mai grea perioad\u0103 a istoriei recente. \u00centreb\u0103rile publicului au vizat l\u0103muriri cu privire la personalit\u0103\u0163i biserice\u015fti, precum episcopul Nicolae Popovici \u015fi p\u0103rintele Arsenie Boca.<\/p>\n<p>Ultima dintre conferin\u0163e a avut loc d<span class=\"text_exposed_show\">uminic\u0103, 28 mai, dup\u0103 Sf\u00e2nta Liturghie, <\/span><span class=\"text_exposed_show\">la Parohia &#8222;Sf. Apostoli&#8221; din Ulm. Aici conferen\u0163iarul a insistat asupra importan\u0163ei cunoa\u015fterii biografiilor cre\u015ftinilor m\u0103rturisitori \u015fi s-a referit la faptul c\u0103 sunt mul\u0163i al\u0163i lupt\u0103tori pentru credin\u0163\u0103 care \u00eenc\u0103 r\u0103m\u00e2n necunoscu\u0163i publicului larg. \u00cen \u00eencheiere, prezent\u00e2nd momente din \u00eent\u00e2lnirile recente cu mari p\u0103rin\u0163i m\u0103rturisitori (precum arhim. Ioan Iovan), invitatul a dat de \u00een\u0163eles celor prezen\u0163i c\u0103, al\u0103turi de cunoa\u015fterea unor biografii deosebite, este deosebit de important s\u0103 urm\u0103m credin\u0163a \u015fi deschiderea m\u0103rturisitorilor c\u0103tre dialog, c\u0103tre \u00eent\u00e2lnirea cu aproapele \u015fi bucuria tr\u0103irii \u00eentru Hristos \u00een orice context.<br \/>\n<\/span><\/p>\n<p><span class=\"text_exposed_show\">Pr. Ioan Popoiu<\/span><\/p>\n<p>&nbsp;<\/p>\n<p>Articol preluat de pe <a href=\"http:\/\/www.mitropolia-ro.de\/index.php\/stiri-din-2017\/1086-biserica-marturisitoare-conferinte-dedicate-aparatorilor-ortodoxiei-in-timpul-comunismului\" target=\"_blank\" rel=\"noopener noreferrer\">www.mitropolia-ro.de<\/a><\/p>\n<p>&nbsp;<\/p>\n[metaslider id=2829]","protected":false},"excerpt":{"rendered":"<p>\u00cen cadrul manifest\u0103rilor dedicate Anului 2017 &#8211; an comemorativ Justinian Patriarhul \u015fi al ap\u0103r\u0103torilor Ortodoxiei \u00een timpul Comunismului, \u00een mai multe parohii din Bavaria a fost organizat\u0103 \u00eentre 25-28 mai o serie de conferin\u0163e intitulat\u0103 &#8222;Biserica M\u0103rturisitoare&#8221;, dedicat\u0103 vie\u0163ii Bisericii Ortodoxe Rom\u00e2ne \u00een perioada comunist\u0103. Pentru aceast\u0103 serie de prelegeri a fost invitat istoricul g\u0103l\u0103\u0163ean &#8230; <a class=\"read-more\" href=\"https:\/\/www.bambergorthodox.de\/?p=2850\">Read more&#8230;<\/a><\/p>\n","protected":false},"author":2,"featured_media":0,"comment_status":"closed","ping_status":"open","sticky":false,"template":"","format":"standard","meta":{"jetpack_post_was_ever_published":false,"_jetpack_newsletter_access":"","_jetpack_dont_email_post_to_subs":false,"_jetpack_newsletter_tier_id":0,"_jetpack_memberships_contains_paywalled_content":false,"_jetpack_memberships_contains_paid_content":false,"footnotes":"","jetpack_publicize_message":"","jetpack_publicize_feature_enabled":true,"jetpack_social_post_already_shared":false,"jetpack_social_options":{"image_generator_settings":{"template":"highway","default_image_id":0,"font":"","enabled":false},"version":2}},"categories":[5],"tags":[],"class_list":["post-2850","post","type-post","status-publish","format-standard","hentry","category-text_menue"],"jetpack_publicize_connections":[],"jetpack_featured_media_url":"","jetpack_sharing_enabled":true,"jetpack_shortlink":"https:\/\/wp.me\/p93ZOd-JY","_links":{"self":[{"href":"https:\/\/www.bambergorthodox.de\/index.php?rest_route=\/wp\/v2\/posts\/2850","targetHints":{"allow":["GET"]}}],"collection":[{"href":"https:\/\/www.bambergorthodox.de\/index.php?rest_route=\/wp\/v2\/posts"}],"about":[{"href":"https:\/\/www.bambergorthodox.de\/index.php?rest_route=\/wp\/v2\/types\/post"}],"author":[{"embeddable":true,"href":"https:\/\/www.bambergorthodox.de\/index.php?rest_route=\/wp\/v2\/users\/2"}],"replies":[{"embeddable":true,"href":"https:\/\/www.bambergorthodox.de\/index.php?rest_route=%2Fwp%2Fv2%2Fcomments&post=2850"}],"version-history":[{"count":1,"href":"https:\/\/www.bambergorthodox.de\/index.php?rest_route=\/wp\/v2\/posts\/2850\/revisions"}],"predecessor-version":[{"id":2851,"href":"https:\/\/www.bambergorthodox.de\/index.php?rest_route=\/wp\/v2\/posts\/2850\/revisions\/2851"}],"wp:attachment":[{"href":"https:\/\/www.bambergorthodox.de\/index.php?rest_route=%2Fwp%2Fv2%2Fmedia&parent=2850"}],"wp:term":[{"taxonomy":"category","embeddable":true,"href":"https:\/\/www.bambergorthodox.de\/index.php?rest_route=%2Fwp%2Fv2%2Fcategories&post=2850"},{"taxonomy":"post_tag","embeddable":true,"href":"https:\/\/www.bambergorthodox.de\/index.php?rest_route=%2Fwp%2Fv2%2Ftags&post=2850"}],"curies":[{"name":"wp","href":"https:\/\/api.w.org\/{rel}","templated":true}]}}