{"id":2664,"date":"2017-05-17T16:35:42","date_gmt":"2017-05-17T14:35:42","guid":{"rendered":"http:\/\/www.bambergorthodox.de\/?p=2664"},"modified":"2017-05-17T21:36:44","modified_gmt":"2017-05-17T19:36:44","slug":"noaptea-portilor-deschise-la-biserica-noastra","status":"publish","type":"post","link":"https:\/\/www.bambergorthodox.de\/?p=2664","title":{"rendered":"Bamberg | \u201eNoaptea por\u021bilor deschise\u201d | Biserica rom\u00e2neasc\u0103"},"content":{"rendered":"<a  href=\"https:\/\/www.bambergorthodox.de\/wp-content\/uploads\/2017\/05\/DSC07312.jpg\" data-rel=\"lightbox-gallery-0\" data-rl_title=\"\" data-rl_caption=\"\" title=\"\"><img loading=\"lazy\" decoding=\"async\" class=\"alignleft wp-image-2690 size-medium\" src=\"https:\/\/www.bambergorthodox.de\/wp-content\/uploads\/2017\/05\/DSC07312-300x168.jpg\" alt=\"\" width=\"300\" height=\"168\" srcset=\"https:\/\/www.bambergorthodox.de\/wp-content\/uploads\/2017\/05\/DSC07312-300x168.jpg 300w, https:\/\/www.bambergorthodox.de\/wp-content\/uploads\/2017\/05\/DSC07312-768x431.jpg 768w, https:\/\/www.bambergorthodox.de\/wp-content\/uploads\/2017\/05\/DSC07312-1024x575.jpg 1024w\" sizes=\"auto, (max-width: 300px) 100vw, 300px\" \/><\/a><em>Vineri, 12 mai, \u00eentre orele 18.30-00.00, a avut loc \u00een majoritatea bisericilor cre\u0219tine din Bamberg ac\u021biunea \u201eNoaptea por\u021bilor deschise\u201d (<a href=\"https:\/\/de.wikipedia.org\/wiki\/Lange_Nacht_der_Kirchen\" target=\"_blank\" rel=\"noopener noreferrer\">Lange Nacht der Kirchen<\/a>). Acest eveniment are loc \u00een mai multe ora\u0219e din Germania \u0219i nu numai, iar \u00een Bamberg o dat\u0103 la doi ani, fiind organizat de c\u0103tre Comunitatea de lucru a Bisericilor cre\u0219tine (<a href=\"http:\/\/www.oekumene-ack.de\/aktuell\/\" target=\"_blank\" rel=\"noopener noreferrer\">ACK<\/a>), <a href=\"http:\/\/www.ack-bamberg.de\" target=\"_blank\" rel=\"noopener noreferrer\">filiala Bamberg<\/a>. Cu acest prilej aproape toate parohiile \u0219i bisericile din ora\u0219 se str\u0103duiesc s\u0103 fac\u0103 cunoscute activit\u0103\u021bile pe care le desf\u0103\u0219oar\u0103 \u0219i specificul fiec\u0103rei confesiuni \u00een parte, organiz\u00e2nd diferite concerte de muzic\u0103 religioas\u0103, prezent\u0103ri, slujbe, dialoguri, conferin\u021be, expozi\u021bii, etc (vezi\u00a0<a href=\"http:\/\/www.ack-bamberg.de\/pdf\/programmheft_lndk_2017.pdf\" target=\"_blank\" rel=\"noopener noreferrer\">aici <\/a>bro\u0219ura evenimentului). De asemenea, evenimentul atrage de fiecare dat\u0103 nu numai reprezenta\u021bi ai comunit\u0103\u021bilor religioase, ci \u0219i autorit\u0103\u021bi locale \u0219i centrale.<\/em><!--more--><\/p>\n<p>Parohia noastr\u0103 a fost gazd\u0103 primitoare, \u00eempreun\u0103 cu parohia greco-catolic\u0103 ucrainean\u0103, pentru to\u021bi cei doritori de a cunoa\u0219te mai \u00eendeaproape tradi\u021bia \u0219i iconografia R\u0103s\u0103ritului cre\u0219tin. C\u00e2teva zeci de locuitori ai ora\u0219ului Bamberg \u0219i nu numai, au poposit pentru mai bine de dou\u0103 ore \u00een biserica noastr\u0103. Ace\u0219tia au participat la slujba vecerniei \u0219i au admirat frumuse\u021bea picturilor bizantine \u0219i a icoanelor. S-au bucurat de asemenea \u0219i de o introducere f\u0103cut\u0103 de pr. Puszkar, \u00een teologia picturii, icoanei \u0219i a tradi\u021biei bizantine. \u00cen continuare, fiecare a fost invitat s\u0103 guste din preparatele culinare cu specific ucrainean \u0219i rom\u00e2nesc, av\u00e2nd totodat\u0103 posibilitatea dialogului cu cei doi preo\u021bi.<\/p>\n<p>Tuturor celor care au participat, dar \u0219i celor care s-au str\u0103duit s\u0103 arate specificul nostru rom\u00e2nesc, le mul\u021bumim cu mult\u0103 dragoste!<\/p>\n<p>Pr. P\u0103un<\/p>\n<p>&nbsp;<\/p>\n[metaslider id=2695]\n<p>&nbsp;","protected":false},"excerpt":{"rendered":"<p>Vineri, 12 mai, \u00eentre orele 18.30-00.00, a avut loc \u00een majoritatea bisericilor cre\u0219tine din Bamberg ac\u021biunea \u201eNoaptea por\u021bilor deschise\u201d (Lange Nacht der Kirchen). Acest eveniment are loc \u00een mai multe ora\u0219e din Germania \u0219i nu numai, iar \u00een Bamberg o dat\u0103 la doi ani, fiind organizat de c\u0103tre Comunitatea de lucru a Bisericilor cre\u0219tine (ACK), &#8230; <a class=\"read-more\" href=\"https:\/\/www.bambergorthodox.de\/?p=2664\">Read more&#8230;<\/a><\/p>\n","protected":false},"author":2,"featured_media":0,"comment_status":"closed","ping_status":"open","sticky":false,"template":"","format":"standard","meta":{"jetpack_post_was_ever_published":false,"_jetpack_newsletter_access":"","_jetpack_dont_email_post_to_subs":false,"_jetpack_newsletter_tier_id":0,"_jetpack_memberships_contains_paywalled_content":false,"_jetpack_memberships_contains_paid_content":false,"footnotes":"","jetpack_publicize_message":"","jetpack_publicize_feature_enabled":true,"jetpack_social_post_already_shared":false,"jetpack_social_options":{"image_generator_settings":{"template":"highway","default_image_id":0,"font":"","enabled":false},"version":2}},"categories":[5],"tags":[],"class_list":["post-2664","post","type-post","status-publish","format-standard","hentry","category-text_menue"],"jetpack_publicize_connections":[],"jetpack_featured_media_url":"","jetpack_sharing_enabled":true,"jetpack_shortlink":"https:\/\/wp.me\/p93ZOd-GY","_links":{"self":[{"href":"https:\/\/www.bambergorthodox.de\/index.php?rest_route=\/wp\/v2\/posts\/2664","targetHints":{"allow":["GET"]}}],"collection":[{"href":"https:\/\/www.bambergorthodox.de\/index.php?rest_route=\/wp\/v2\/posts"}],"about":[{"href":"https:\/\/www.bambergorthodox.de\/index.php?rest_route=\/wp\/v2\/types\/post"}],"author":[{"embeddable":true,"href":"https:\/\/www.bambergorthodox.de\/index.php?rest_route=\/wp\/v2\/users\/2"}],"replies":[{"embeddable":true,"href":"https:\/\/www.bambergorthodox.de\/index.php?rest_route=%2Fwp%2Fv2%2Fcomments&post=2664"}],"version-history":[{"count":5,"href":"https:\/\/www.bambergorthodox.de\/index.php?rest_route=\/wp\/v2\/posts\/2664\/revisions"}],"predecessor-version":[{"id":2727,"href":"https:\/\/www.bambergorthodox.de\/index.php?rest_route=\/wp\/v2\/posts\/2664\/revisions\/2727"}],"wp:attachment":[{"href":"https:\/\/www.bambergorthodox.de\/index.php?rest_route=%2Fwp%2Fv2%2Fmedia&parent=2664"}],"wp:term":[{"taxonomy":"category","embeddable":true,"href":"https:\/\/www.bambergorthodox.de\/index.php?rest_route=%2Fwp%2Fv2%2Fcategories&post=2664"},{"taxonomy":"post_tag","embeddable":true,"href":"https:\/\/www.bambergorthodox.de\/index.php?rest_route=%2Fwp%2Fv2%2Ftags&post=2664"}],"curies":[{"name":"wp","href":"https:\/\/api.w.org\/{rel}","templated":true}]}}