{"id":2656,"date":"2017-05-11T22:18:56","date_gmt":"2017-05-11T20:18:56","guid":{"rendered":"http:\/\/www.bambergorthodox.de\/?p=2656"},"modified":"2017-05-11T22:23:34","modified_gmt":"2017-05-11T20:23:34","slug":"biserica-in-perioda-comunista-conferinta-de-inaltare","status":"publish","type":"post","link":"https:\/\/www.bambergorthodox.de\/?p=2656","title":{"rendered":"Biserica \u00een perioda comunist\u0103 | Conferin\u021b\u0103 \u0219i prezentare de carte"},"content":{"rendered":"<a  href=\"https:\/\/www.bambergorthodox.de\/wp-content\/uploads\/2017\/05\/18342118_1202364533207163_9029383654876481639_n.jpg\" data-rel=\"lightbox-gallery-0\" data-rl_title=\"\" data-rl_caption=\"\" title=\"\"><img loading=\"lazy\" decoding=\"async\" class=\"wp-image-2657 size-medium alignleft\" src=\"https:\/\/www.bambergorthodox.de\/wp-content\/uploads\/2017\/05\/18342118_1202364533207163_9029383654876481639_n-300x212.jpg\" alt=\"\" width=\"300\" height=\"212\" srcset=\"https:\/\/www.bambergorthodox.de\/wp-content\/uploads\/2017\/05\/18342118_1202364533207163_9029383654876481639_n-300x212.jpg 300w, https:\/\/www.bambergorthodox.de\/wp-content\/uploads\/2017\/05\/18342118_1202364533207163_9029383654876481639_n-768x542.jpg 768w, https:\/\/www.bambergorthodox.de\/wp-content\/uploads\/2017\/05\/18342118_1202364533207163_9029383654876481639_n.jpg 960w\" sizes=\"auto, (max-width: 300px) 100vw, 300px\" \/><\/a><em>Dragi credincio\u0219i,<\/em><\/p>\n<p><em>\u00een <strong>joia praznicului \u00cen\u0103l\u021b\u0103rii Domnului, 25 mai, dup\u0103 Sf\u00e2nta Liturghie<\/strong>, v\u0103 invit\u0103m s\u0103 participa\u021bi la <strong>conferin\u021ba<\/strong> cu tema &#8222;<strong>Biserica \u00een perioada regimului comunist<\/strong>&#8222;, sus\u021binut\u0103 de c\u0103tre <strong>prof. dr. George Enache<\/strong> de la Universitatea &#8222;Dun\u0103rea de Jos&#8221; din Gala\u021bi. Conferin\u021ba va fi \u00eenso\u021bit\u0103 \u0219i de o prezentare de carte despre via\u021ba bisericeasc\u0103 \u00een Rom\u00e2nia, \u00een perioada regimului comunist.\u00a0<\/em><em>Acest eveniment al parohiei noastre se \u00eenscrie \u00eentr-o serie de\u00a0conferin\u021be intitulate &#8222;Biserica m\u0103rturisitoare&#8221;. Alte\u00a0comunit\u0103\u021bi rom\u00e2ne\u0219ti care vor g\u0103zdui celelalte conferin\u021be sunt N\u00fcrnberg, Centrul Bisericesc din M\u00fcnchen \u0219i Ulm.\u00a0Anul 2017 a fost declarat de c\u0103tre Sf\u00e2ntul Sinod al\u00a0Bisericii Ortodoxe Rom\u00e2ne drept Anul omagial al sfintelor icoane, al iconarilor \u015fi al pictorilor biserice\u015fti \u015fi Anul comemorativ Justinian Patriarhul \u015fi al ap\u0103r\u0103torilor Ortodoxiei \u00een timpul comunismului \u00een Patriarhia Rom\u00e2n\u0103.<\/em><\/p>\n<p><em>V\u0103 a\u0219tept\u0103m cu drag!<\/em><\/p>\n<p><em>Pr. P\u0103un<\/em>","protected":false},"excerpt":{"rendered":"<p>Dragi credincio\u0219i, \u00een joia praznicului \u00cen\u0103l\u021b\u0103rii Domnului, 25 mai, dup\u0103 Sf\u00e2nta Liturghie, v\u0103 invit\u0103m s\u0103 participa\u021bi la conferin\u021ba cu tema &#8222;Biserica \u00een perioada regimului comunist&#8222;, sus\u021binut\u0103 de c\u0103tre prof. dr. George Enache de la Universitatea &#8222;Dun\u0103rea de Jos&#8221; din Gala\u021bi. Conferin\u021ba va fi \u00eenso\u021bit\u0103 \u0219i de o prezentare de carte despre via\u021ba bisericeasc\u0103 \u00een Rom\u00e2nia, &#8230; <a class=\"read-more\" href=\"https:\/\/www.bambergorthodox.de\/?p=2656\">Read more&#8230;<\/a><\/p>\n","protected":false},"author":2,"featured_media":0,"comment_status":"closed","ping_status":"open","sticky":false,"template":"","format":"standard","meta":{"jetpack_post_was_ever_published":false,"_jetpack_newsletter_access":"","_jetpack_dont_email_post_to_subs":false,"_jetpack_newsletter_tier_id":0,"_jetpack_memberships_contains_paywalled_content":false,"_jetpack_memberships_contains_paid_content":false,"footnotes":"","jetpack_publicize_message":"","jetpack_publicize_feature_enabled":true,"jetpack_social_post_already_shared":false,"jetpack_social_options":{"image_generator_settings":{"template":"highway","default_image_id":0,"font":"","enabled":false},"version":2}},"categories":[5],"tags":[],"class_list":["post-2656","post","type-post","status-publish","format-standard","hentry","category-text_menue"],"jetpack_publicize_connections":[],"jetpack_featured_media_url":"","jetpack_sharing_enabled":true,"jetpack_shortlink":"https:\/\/wp.me\/p93ZOd-GQ","_links":{"self":[{"href":"https:\/\/www.bambergorthodox.de\/index.php?rest_route=\/wp\/v2\/posts\/2656","targetHints":{"allow":["GET"]}}],"collection":[{"href":"https:\/\/www.bambergorthodox.de\/index.php?rest_route=\/wp\/v2\/posts"}],"about":[{"href":"https:\/\/www.bambergorthodox.de\/index.php?rest_route=\/wp\/v2\/types\/post"}],"author":[{"embeddable":true,"href":"https:\/\/www.bambergorthodox.de\/index.php?rest_route=\/wp\/v2\/users\/2"}],"replies":[{"embeddable":true,"href":"https:\/\/www.bambergorthodox.de\/index.php?rest_route=%2Fwp%2Fv2%2Fcomments&post=2656"}],"version-history":[{"count":3,"href":"https:\/\/www.bambergorthodox.de\/index.php?rest_route=\/wp\/v2\/posts\/2656\/revisions"}],"predecessor-version":[{"id":2660,"href":"https:\/\/www.bambergorthodox.de\/index.php?rest_route=\/wp\/v2\/posts\/2656\/revisions\/2660"}],"wp:attachment":[{"href":"https:\/\/www.bambergorthodox.de\/index.php?rest_route=%2Fwp%2Fv2%2Fmedia&parent=2656"}],"wp:term":[{"taxonomy":"category","embeddable":true,"href":"https:\/\/www.bambergorthodox.de\/index.php?rest_route=%2Fwp%2Fv2%2Fcategories&post=2656"},{"taxonomy":"post_tag","embeddable":true,"href":"https:\/\/www.bambergorthodox.de\/index.php?rest_route=%2Fwp%2Fv2%2Ftags&post=2656"}],"curies":[{"name":"wp","href":"https:\/\/api.w.org\/{rel}","templated":true}]}}