{"id":2650,"date":"2017-05-09T12:56:13","date_gmt":"2017-05-09T10:56:13","guid":{"rendered":"http:\/\/www.bambergorthodox.de\/?p=2650"},"modified":"2017-05-09T12:56:13","modified_gmt":"2017-05-09T10:56:13","slug":"nurnberg-conferinta-preoteasca-si-adunarea-eparhiala-2017","status":"publish","type":"post","link":"https:\/\/www.bambergorthodox.de\/?p=2650","title":{"rendered":"N\u00fcrnberg | Conferin\u021b\u0103 preo\u021beasc\u0103 \u0219i Adunarea Eparhial\u0103 2017"},"content":{"rendered":"<em><span lang=\"ro-RO\"><a  href=\"https:\/\/www.bambergorthodox.de\/wp-content\/uploads\/2017\/05\/Adunare_Eparhiala_2017_71-min-min.jpg\" data-rel=\"lightbox-gallery-0\" data-rl_title=\"\" data-rl_caption=\"\" title=\"\"><img loading=\"lazy\" decoding=\"async\" class=\"size-medium wp-image-2651 alignleft\" src=\"https:\/\/www.bambergorthodox.de\/wp-content\/uploads\/2017\/05\/Adunare_Eparhiala_2017_71-min-min-300x168.jpg\" alt=\"\" width=\"300\" height=\"168\" srcset=\"https:\/\/www.bambergorthodox.de\/wp-content\/uploads\/2017\/05\/Adunare_Eparhiala_2017_71-min-min-300x168.jpg 300w, https:\/\/www.bambergorthodox.de\/wp-content\/uploads\/2017\/05\/Adunare_Eparhiala_2017_71-min-min-768x431.jpg 768w, https:\/\/www.bambergorthodox.de\/wp-content\/uploads\/2017\/05\/Adunare_Eparhiala_2017_71-min-min-1024x574.jpg 1024w, https:\/\/www.bambergorthodox.de\/wp-content\/uploads\/2017\/05\/Adunare_Eparhiala_2017_71-min-min.jpg 1200w\" sizes=\"auto, (max-width: 300px) 100vw, 300px\" \/><\/a>La primul sf\u00e2r\u0219it de s\u0103pt\u0103m\u00e2n\u0103 din luna mai s-au desf\u0103\u0219urat, potrivit Statutului de organizare al Mitropoliei, lucr\u0103rile Conferin\u0163ei preo\u0163e\u0219ti anuale \u0219i ale Adun\u0103rii eparhiale, prezidate de c\u0103tre \u00cenaltpreasfin\u0163itul P\u0103rinte Mitropolit Serafim. Invitatul din acest an a fost domnul Klaus Kenneth, cunoscut prin conferin\u021bele, seminariile \u0219i scrierile sale \u00een care tematizeaz\u0103 descoperirea Adev\u0103rului credin\u021bei ortodox<\/span><span lang=\"ro-RO\">e.\u00a0<\/span><span lang=\"ro-RO\">Ca \u00een fiecare an, \u00eent\u00e2lnirea clericilor rom\u00e2ni ortodoc\u0219i din Germania, Austria \u0219i Luxemburg a debutat prin \u00eempreun\u0103-slujirea \u00een dup\u0103-amiaza de vineri (5 mai) la Sf. Maslu, \u00een catedrala din N\u00fcrnberg, al\u0103turi de \u00cenaltpreasfin\u021bitul P\u0103rinte Mitropolit Serafim \u0219i Preasfin\u021bitul P\u0103rinte Episcop-Vicar Sofian.<\/span><\/em><!--more--><\/p>\n<p><span lang=\"ro-RO\">Dup\u0103 cin\u0103, conferin\u021ba preo\u021beasc\u0103 a fost prilej de autoreflexie at\u00e2t pentru slujitorii altarelor c\u00e2t \u0219i pentru to\u021bi ceilal\u021bi participan\u021bi. Invitatul serii,<\/span><span lang=\"ro-RO\"> domnul <\/span><span lang=\"ro-RO\">Klaus Kenneth, a vorbit celor prezen\u021bi pornind de la tema: <\/span><span lang=\"ro-RO\"><em>Credin\u021b\u0103 \u00een agonie \u2013 Hristos viu<\/em><\/span><span lang=\"ro-RO\">. Un teolog prin excelen\u021b\u0103 al experien\u021bei, Klaus Kenneth este binecunoscut \u00een toat\u0103 lumea ortodox\u0103 pentru itinerariul s\u0103u spiritual \u00een c\u0103utarea Adev\u0103rului, consemnat \u00een autobiografia sa <\/span><span lang=\"ro-RO\"><em>Dou\u0103 milioane de kilometri \u00een c\u0103utarea Adev\u0103rului,<\/em><\/span><span lang=\"ro-RO\"> precum \u0219i \u00een alte lucr\u0103ri, precum: <em>Ortodoxia, drumul regal, C\u0103l\u0103tor pe p\u0103m\u00e2nt rom\u00e2nesc, De ce sunt ortodox?, Zei, idoli, guru<\/em>, etc. dar \u0219i prin traduceri \u0219i lucr\u0103ri de popularizare \u00een limba german\u0103 \u0219i francez\u0103 a unor p\u0103rin\u021bi ai Ortodoxiei precum <em>Sf. Ignatie Briancianinov, Sofronie Saharov, Sf. Vasile de la Poiana M\u0103rului<\/em> \u0219.a. <\/span><\/p>\n<p><span lang=\"ro-RO\">Klaus Kenneth a avut un drum spiritual sinuos de la cre\u0219tinismul catolic prin islam, hinduism, budism \u0219i ocultism, neg\u0103sind iubirea lui Dumnezeu \u00een niciuna dintre popasurile c\u0103ut\u0103rii sale. Dup\u0103 \u00eent\u00e2lnirea cu p\u0103rintele <\/span><span lang=\"ro-RO\">Arhim. Sofronie Saharov de la M\u0103n\u0103stirea Sf. Ioan Botez\u0103torul din Essex (Anglia) \u0219i <\/span><span lang=\"ro-RO\">dup\u0103 multe convorbiri duhovnice\u015fti, <\/span><span lang=\"ro-RO\">s-a convertit la Ortodoxie \u00een 1986,\u00a0 iar de atunci propov\u0103duie\u0219te \u00een toat\u0103 lumea Adev\u0103rul credin\u021bei, Care este M\u00e2ntuitorul Hristos, Iubirea \u00eentrupat\u0103 \u0219i singurul Dumnezeu viu \u0219i adev\u0103rat, Care r\u0103spunde celor care \u00cel caut\u0103 din toat\u0103 inima. Apreciatul conferen\u021biar a impresionat asisten\u021ba atunci c\u00e2nd a m\u0103rturisit c\u0103 Dreapta Credin\u021b\u0103 nu este o religie, ci Revela\u021bie, \u00een timp ce religiile pe care le-a tr\u0103it sunt doar \u00eencerc\u0103ri omene\u0219ti, care e\u0219ueaz\u0103 fie \u00een respectarea strict\u0103 a legii, fie \u00een relativizarea ideii despre Dumnezeu sau \u00een \u00eencerc\u0103rile de aneantizare ce sunt v\u0103zute ca false mijloace de atingere a fericirii. Toate aceste \u00eencerc\u0103ri se opun \u00eenv\u0103\u021b\u0103turii cre\u0219tine, \u00een care iubirea ofer\u0103 libertatea autentic\u0103 \u0219i descoper\u0103 pe singurul Dumnezeu adev\u0103rat, despre care m\u0103rturisim \u00een Sf\u00e2nta Liturghie c\u0103 \u201ene-a adus de la nefiin\u021b\u0103 la fiin\u021b\u0103\u201d \u0219i nu invers. Pentru noi, cre\u0219tinii ortodoc\u0219i, este nevoie s\u0103 re\u00eennoim credin\u021ba prin rug\u0103ciune \u0219i continu\u0103 auto-reflexie, pentru a nu c\u0103dea \u00een rutina practic\u0103rii unor forme lipsite de profunzime. Av\u00e2nd Biserica, slujbele ei, via\u021ba eclezial\u0103, e nevoie s\u0103 facem viu fiecare \u201eDoamne miluie\u0219te\u201d rostit \u0219i s\u0103 tr\u0103im cu adev\u0103rat atunci c\u00e2nd rostim salutul pascal \u201eHristos a \u00eenviat!\u201d, iar aceast\u0103 tr\u0103ire e rezultatul poc\u0103in\u021bei de zi cu zi, smereniei, recunoa\u0219terii micimii noastre \u00eenaintea lui Dumnezeu cel iubitor. Ast\u0103zi domnul Klaus Kenneth este membru al parohiei ortodoxe rom\u00e2ne\u0219ti din Fribourg (Elve\u021bia). Seara a continuat p\u00e2n\u0103 t\u00e2rziu, cu \u00eentreb\u0103ri \u0219i r\u0103spunsuri, acord\u0103ri de autografe \u0219i discu\u021bii particulare.<br \/>\n<\/span><\/p>\n<p align=\"JUSTIFY\"><span lang=\"ro-RO\">S\u00e2mb\u0103t\u0103 diminea\u021ba (6 mai) \u00een catedrala mitropolitan\u0103 din N\u00fcrnberg \u00cePS Serafim \u0219i PS Sofian au s\u0103v\u00e2r\u0219it Sf\u00e2nta Liturghie \u00eenconjura\u021bi de mai mult de 80 de preo\u021bi \u0219i diaconi slujitori ai parohiilor rom\u00e2ne\u0219ti din Germania, Austria \u0219i Luxemburg. Dup\u0103 \u00eemp\u0103rt\u0103\u0219irea cu Sfintele Taine a clericilor participan\u021bi precum \u0219i a numero\u0219i credincio\u0219i veni\u021bi de aproape \u0219i de departe, ziua a fost dedicat\u0103\u00a0 Adun\u0103rii eparhiale anuale, care s-a aflat la cea de-a 23-a edi\u021bie. Al\u0103turi de slujitorii altarelor au participat reprezentan\u021bi ai celor 105 parohii \u015fi filii ale Arhiepiscopiei Ortodoxe Rom\u00e2ne a Germaniei, Austriei \u015fi Luxemburgului existente la 1 ianuarie, precum \u0219i reprezentan\u021bi ai parohiilor \u00eenfiin\u021bate de la \u00eenceputul acestui an. Au fost discutate: procesul verbal al Adun\u0103rii eparhiale din 2016, raportul general de activitate pastoral-misionar pe anul 2016 \u015fi perspective misionare pentru 2017, rapoartele departamentelor: financiare, liturgic, educa\u0163ie \u015fi catehez\u0103, tineret, misiune \u015fi tip\u0103rituri, asisten\u0163\u0103 social\u0103 \u0219i penitenciare, precum \u0219i planul de buget pe anul 2017. <\/span><\/p>\n<p align=\"JUSTIFY\">La finalul \u00eent\u00e2lnirii, \u00cePS Serafim a mul\u021bumit tuturor participan\u021bilor, \u00eendemn\u00e2nd pe slujitorii altarelor, dar \u0219i pe cei care slujesc Biserica de la stran\u0103, sau prin diferite activit\u0103\u021bi parohiale \u0219i i-a \u00eendemnat pe to\u021bi s\u0103 sporeasc\u0103 \u00een propov\u0103duirea credin\u021bei ortodoxe prin cuv\u00e2nt, fapte \u0219i rug\u0103ciune.<\/p>\n<p align=\"JUSTIFY\">Pr. Ioan Popoiu<\/p>\n<p align=\"JUSTIFY\">\u0218tire preluat\u0103 de pe <a href=\"http:\/\/www.mitropolia-ro.de\/index.php\/stiri-din-2017\/1077-la-nuernberg-au-avut-loc-conferinta-preoteasca-anuala-si-cea-de-a-23-a-adunare-eparhiala\" target=\"_blank\" rel=\"noopener noreferrer\">siteul Mitropoliei<\/a>\u00a0(plus alte fotografii).<\/p>","protected":false},"excerpt":{"rendered":"<p>La primul sf\u00e2r\u0219it de s\u0103pt\u0103m\u00e2n\u0103 din luna mai s-au desf\u0103\u0219urat, potrivit Statutului de organizare al Mitropoliei, lucr\u0103rile Conferin\u0163ei preo\u0163e\u0219ti anuale \u0219i ale Adun\u0103rii eparhiale, prezidate de c\u0103tre \u00cenaltpreasfin\u0163itul P\u0103rinte Mitropolit Serafim. Invitatul din acest an a fost domnul Klaus Kenneth, cunoscut prin conferin\u021bele, seminariile \u0219i scrierile sale \u00een care tematizeaz\u0103 descoperirea Adev\u0103rului credin\u021bei ortodoxe.\u00a0Ca \u00een &#8230; <a class=\"read-more\" href=\"https:\/\/www.bambergorthodox.de\/?p=2650\">Read more&#8230;<\/a><\/p>\n","protected":false},"author":2,"featured_media":0,"comment_status":"closed","ping_status":"open","sticky":false,"template":"","format":"standard","meta":{"jetpack_post_was_ever_published":false,"_jetpack_newsletter_access":"","_jetpack_dont_email_post_to_subs":false,"_jetpack_newsletter_tier_id":0,"_jetpack_memberships_contains_paywalled_content":false,"_jetpack_memberships_contains_paid_content":false,"footnotes":"","jetpack_publicize_message":"","jetpack_publicize_feature_enabled":true,"jetpack_social_post_already_shared":false,"jetpack_social_options":{"image_generator_settings":{"template":"highway","default_image_id":0,"font":"","enabled":false},"version":2}},"categories":[5],"tags":[],"class_list":["post-2650","post","type-post","status-publish","format-standard","hentry","category-text_menue"],"jetpack_publicize_connections":[],"jetpack_featured_media_url":"","jetpack_sharing_enabled":true,"jetpack_shortlink":"https:\/\/wp.me\/p93ZOd-GK","_links":{"self":[{"href":"https:\/\/www.bambergorthodox.de\/index.php?rest_route=\/wp\/v2\/posts\/2650","targetHints":{"allow":["GET"]}}],"collection":[{"href":"https:\/\/www.bambergorthodox.de\/index.php?rest_route=\/wp\/v2\/posts"}],"about":[{"href":"https:\/\/www.bambergorthodox.de\/index.php?rest_route=\/wp\/v2\/types\/post"}],"author":[{"embeddable":true,"href":"https:\/\/www.bambergorthodox.de\/index.php?rest_route=\/wp\/v2\/users\/2"}],"replies":[{"embeddable":true,"href":"https:\/\/www.bambergorthodox.de\/index.php?rest_route=%2Fwp%2Fv2%2Fcomments&post=2650"}],"version-history":[{"count":1,"href":"https:\/\/www.bambergorthodox.de\/index.php?rest_route=\/wp\/v2\/posts\/2650\/revisions"}],"predecessor-version":[{"id":2652,"href":"https:\/\/www.bambergorthodox.de\/index.php?rest_route=\/wp\/v2\/posts\/2650\/revisions\/2652"}],"wp:attachment":[{"href":"https:\/\/www.bambergorthodox.de\/index.php?rest_route=%2Fwp%2Fv2%2Fmedia&parent=2650"}],"wp:term":[{"taxonomy":"category","embeddable":true,"href":"https:\/\/www.bambergorthodox.de\/index.php?rest_route=%2Fwp%2Fv2%2Fcategories&post=2650"},{"taxonomy":"post_tag","embeddable":true,"href":"https:\/\/www.bambergorthodox.de\/index.php?rest_route=%2Fwp%2Fv2%2Ftags&post=2650"}],"curies":[{"name":"wp","href":"https:\/\/api.w.org\/{rel}","templated":true}]}}