{"id":2588,"date":"2017-04-24T20:48:09","date_gmt":"2017-04-24T18:48:09","guid":{"rendered":"http:\/\/www.bambergorthodox.de\/?p=2588"},"modified":"2017-04-24T20:57:34","modified_gmt":"2017-04-24T18:57:34","slug":"simpozion-international-istoria-bisericii-rasaritene","status":"publish","type":"post","link":"https:\/\/www.bambergorthodox.de\/?p=2588","title":{"rendered":"Simpozion interna\u021bional | Istoria Bisericii R\u0103s\u0103ritene | Erlangen"},"content":{"rendered":"<em><a  href=\"http:\/\/www.mitropolia-ro.de\/images\/galerii\/2017\/2017.04.21%20Erlangen\/IMG_20170421_162118-min.jpg\" data-rel=\"lightbox-gallery-0\" data-rl_title=\"\" data-rl_caption=\"\" title=\"\"><img loading=\"lazy\" decoding=\"async\" class=\"alignleft\" src=\"http:\/\/www.mitropolia-ro.de\/images\/galerii\/2017\/2017.04.21%20Erlangen\/IMG_20170421_162118-min.jpg\" width=\"220\" height=\"165\" border=\"0\" \/><\/a>\u00cen Vinerea Luminat\u0103 a debutat, la Erlangen, simpozionul de teologie dedicat \u00eemplinirii a 100 de ani de la na\u0219terea profesoarei de teologie r\u0103s\u0103ritean\u0103 Fairy von Lilienfeld, \u00eentemeietoarea catedrei pentru studiul cre\u0219tinismului r\u0103s\u0103ritean \u00een cadrul facult\u0103\u021bii de teologie protestant\u0103 din vestitul centru universitar german. Timp de trei zile, teologi ortodoc\u0219i din Rom\u00e2nia, Rusia, Serbia \u0219i Grecia, precum \u0219i teologi de diferite confesiuni din Germania au conferen\u021biat pe diferite teme de interes istoric, teologic \u0219i de dialog interconfesional. Cu aceast\u0103 ocazie, p\u0103rintele profesor Viorel Ioni\u021b\u0103 a fost omagiat pentru rolul deosebit avut \u00een dialogul teologic dintre Biserica Ortodox\u0103 Rom\u00e2n\u0103 \u015fi Biserica Evanghelic\u0103 din Germania.<\/em><!--more--><\/p>\n<p>Simpozionul \u201eHermeneutic\u0103 \u0219i hermeneu\u021bi\u201c, organizat \u00een 21-23 aprilie de Prof. Dr. Hacik Rafi Gazer, actualul titular al catedrei de Teologia \u0219i Istoria Cre\u0219tinismului R\u0103s\u0103ritean de la Erlangen, prof. Johanna Haberer de la catedra de publicistic\u0103 cre\u015ftin\u0103 \u015fi prof. dr. Martin Illert, reprezentantul oficial al Bisericii Evanghelice, \u00a0a adunat numero\u0219i teologi ortodoc\u0219i \u0219i luterani din Germania, Rom\u00e2nia, Rusia, Grecia \u0219i Serbia care au conferen\u021biat pe diferite subiecte asociate cu via\u021ba \u0219i opera profesoarei Fairy von Lilienfeld. Au fost aduse \u00een aten\u0163ia auditoriului aspecte biografice, istoria dialogului dintre Biserica Luteran\u0103 \u0219i Biserica Ortodox\u0103, cercetarea teologiei ortodoxe \u00een spa\u021biul academic german \u0219.a.<\/p>\n<p>La simpozion au participat \u00cePS P\u0103rinte Mitropolit Serafim \u015fi PS Sergije, episcopul ortodox s\u00e2rb pentru Germania, precum \u015fi distin\u015fi p\u0103rin\u0163i profesori rom\u00e2ni (Pr. Prof. Dr. Viorel Ioni\u0163\u0103, consilier patriarhal onorific, Pr. Prof. Dr. Nicolae Chif\u0103r, decanul Facult\u0103\u0163ii de Teologie din Sibiu, Pr. Prof. Dr. Daniel Benga \u015fi Pr. Prof. Dr. Constantin P\u0103tuleanu de la Facultatea de Teologie din Bucure\u015fti). Lucr\u0103rile congresului au \u00a0debutat cu alocu\u0163iunile Prof. Gazer \u015fi ale prof. dr. Martin Illert, care s-au referit la distinsa profesoar\u0103 pornind de la cuv\u00e2ntul Sf\u00e2ntului Apostol Pavel: \u201eAduce\u0163i-v\u0103 aminte de mai-marii vo\u015ftri, care v-au gr\u0103it vou\u0103 cuv\u00e2ntul lui Dumnezeu; privi\u0163i cu luare aminte cum \u015fi-au \u00eencheiat via\u0163a \u015fi urma\u0163i-le credin\u0163a\u201c (Evr. 13,7). \u00a0\u00cen aceea\u015fi sear\u0103 teologul Martin Illert i-a acordat, din partea Bisericii Evanghelice din Germania, un premiu de excelen\u0163\u0103 p\u0103rintelui profesor Dr. Viorel Ioni\u021b\u0103, consilier patriarhal onorific, pentru rolul-cheie avut timp de mai multe decenii \u00een dialogul dintre Biserica Ortodox\u0103 Rom\u00e2n\u0103 \u0219i Biserica Evanghelic\u0103 din Germania timp de trei decenii. \u00cen discursul festiv (<em>laudatio<\/em>), teologul german a apreciat, \u00eentre multele calit\u0103\u0163i ale P\u0103rintelui Viorel Ioni\u0163\u0103, sensibilitatea lingvistic\u0103 deosebit\u0103 \u015fi capacitatea de a exprima afinit\u0103\u0163i teologice de o importan\u0163\u0103 deosebit\u0103 \u00een facilitarea dialogului interconfesional. P\u0103rintele a fost apreciat \u015fi pentru aten\u0163ia sa deosebit\u0103 \u00een eviden\u0163ierea punctelor sensibile ale discu\u0163iilor teologice bilaterale, \u00een descrierea altor pozi\u0163ii f\u0103r\u0103 a le minimaliza \u015fi totodat\u0103 exprim\u00e2nd cu rafinament, dar \u015fi cu vigoarea unui om profund credincios, propria sa pozi\u0163ie teologic\u0103, \u00eentotdeauna una \u015fi aceea\u015fi cu cea a Bisericii Ortodoxe. \u00cen cuv\u00e2ntul de mul\u0163umire, P\u0103rintele Ioni\u0163\u0103 a eviden\u0163iat bunele rela\u0163ii avute \u00een dialogul bilateral ortodox-luteran \u015fi a f\u0103cut o sintez\u0103 a istoriei acestui dialog la care a participat ca promotor din partea Bisericii noastre \u00eencep\u00e2nd din 1979 \u015fi p\u00e2n\u0103 ast\u0103zi, enumer\u00e2nd lucrurile pozitive ale dialogului, provoc\u0103rile, receptarea \u015fi situa\u0163ia actual\u0103 a acestuia, precum \u015fi perspectivele de viitor.<\/p>\n<p>\u00cen cea de-a doua zi a simpozionului au urmat alocu\u0163iuni pe diferite teme cu privire la activitatea profesoarei Fairy von Lilienfeld. Printre conferen\u0163iari s-a num\u0103rat \u015fi p\u0103rintele Ionu\u0163 P\u0103un, doctorand la Erlangen \u015fi preot paroh al comunit\u0103\u0163ii rom\u00e2ne\u015fti din Bamberg. Sfin\u0163ia sa a prezentat pozi\u0163ia prof. Lilienfeld, \u00een diferite lucr\u0103ri, cu privire la cinstirea Maicii Domnului. Prezentarea p\u0103rintelui constituie un capitol din viitoarea sa lucrare de doctorat, dedicat\u0103 chiar personalit\u0103\u0163ii \u015fi teologiei celei omagiate la acest congres. De asemenea, \u00eentre cei care au mai luat cuv\u00e2ntul s-a num\u0103rat \u015fi p\u0103rintele Vassili (Karl Christian) Felmy, profesor emerit \u015fi fost conduc\u0103tor al Catedrei de Teologia \u0219i Istoria Cre\u0219tinismului R\u0103s\u0103ritean de la Erlangen, care ast\u0103zi sluje\u015fte ca diacon al Parohiei ortodoxe ruse\u015fti din N\u00fcrnberg.<\/p>\n<p>S\u00e2mb\u0103t\u0103 seara, dup\u0103 \u00eencheierea discu\u0163iilor, cei prezen\u0163i la simpozion au participat la slujba Vecerniei \u00een capela ortodox\u0103 din cadrul c\u0103minului \u201eMartin Luther Bund\u201d din Erlangen, acolo unde au locuit \u015fi studiat de-a lungul mai multor decenii numero\u015fi bursieri din \u0163\u0103rile ortodoxe, iar duminic\u0103, 23 aprilie \u00eent\u00e2lnirea s-a \u00eencheiat dup\u0103 Sf\u00e2nta Liturghie arhiereasc\u0103 \u00een biserica s\u00e2rbeasc\u0103 din N\u00fcrnberg.<\/p>\n<p><em>Profesoara Fairy von Lilienfeld (1917-2009) s-a remarcat \u00een cariera \u0219tiin\u021bific\u0103 prin interesul ei \u00een teologia r\u0103s\u0103ritean\u0103, filosofie \u0219i slavistic\u0103. N\u0103scut\u0103 la Riga \u0219i av\u00e2nd origini nobiliare ruse\u0219ti, reputata profesoar\u0103 de teologie era recunoscut\u0103 ca o vorbitoare fluent\u0103 a opt limbi \u0219i cunosc\u0103toare a altor c\u00e2teva, pasiune care i-a deschis calea \u00een familiarizarea cu istoria \u0219i teologia R\u0103s\u0103ritului Cre\u0219tin. Lilienfeld a fost \u00eentre 1966 &#8211; 1984 prima profesoar\u0103 de teologie din Germania \u0219i a contribuit decisiv la deschiderea dialogului ecumenic \u00eentre Biserica Evanghelic\u0103 din Germania \u0219i Patriarhia Moscovei, fapt pentru care a devenit membru onorific al Academiei Duhovnice\u0219ti de la Moscova \u00een 1985. Printre cei care au scris lucr\u0103ri de doctorat coordonate de distinsa profesoar\u0103 se num\u0103r\u0103 p\u0103rintele Nicolae Chif\u0103r, decanul Facult\u0103\u0163ii de Teologie din Sibiu.<\/em><\/p>\n<p>Pr. Ioan Popoiu<\/p>\n<p>Articolul \u0219i fotografiile au fost preluate de pe <a href=\"http:\/\/www.mitropolia-ro.de\/index.php\/stiri-din-2017\/1067-parintele-viorel-ionita-omagiat-la-erlangen-la-un-simpozion-international-dedicat-istoriei-bisericii-rasaritene\" target=\"_blank\" rel=\"noopener noreferrer\">www.mitropolia-ro.de<\/a><\/p>\n<p>&nbsp;<\/p>\n<p><a  href=\"https:\/\/www.bambergorthodox.de\/wp-content\/uploads\/2017\/04\/IMG_20170421_144505-min.jpg\" data-rel=\"lightbox-gallery-0\" data-rl_title=\"\" data-rl_caption=\"\" title=\"\"><img loading=\"lazy\" decoding=\"async\" class=\"alignnone wp-image-2601 size-thumbnail\" src=\"https:\/\/www.bambergorthodox.de\/wp-content\/uploads\/2017\/04\/IMG_20170421_144505-min-150x150.jpg\" alt=\"\" width=\"150\" height=\"150\" \/><\/a> <a  href=\"https:\/\/www.bambergorthodox.de\/wp-content\/uploads\/2017\/04\/IMG_20170421_145057-min.jpg\" data-rel=\"lightbox-gallery-0\" data-rl_title=\"\" data-rl_caption=\"\" title=\"\"><img loading=\"lazy\" decoding=\"async\" class=\"alignnone wp-image-2600 size-thumbnail\" src=\"https:\/\/www.bambergorthodox.de\/wp-content\/uploads\/2017\/04\/IMG_20170421_145057-min-150x150.jpg\" alt=\"\" width=\"150\" height=\"150\" \/><\/a> <a  href=\"https:\/\/www.bambergorthodox.de\/wp-content\/uploads\/2017\/04\/IMG_20170421_162118-min.jpg\" data-rel=\"lightbox-gallery-0\" data-rl_title=\"\" data-rl_caption=\"\" title=\"\"><img loading=\"lazy\" decoding=\"async\" class=\"alignnone wp-image-2599 size-thumbnail\" src=\"https:\/\/www.bambergorthodox.de\/wp-content\/uploads\/2017\/04\/IMG_20170421_162118-min-150x150.jpg\" alt=\"\" width=\"150\" height=\"150\" \/><\/a> <a  href=\"https:\/\/www.bambergorthodox.de\/wp-content\/uploads\/2017\/04\/IMG_20170421_194449-min.jpg\" data-rel=\"lightbox-gallery-0\" data-rl_title=\"\" data-rl_caption=\"\" title=\"\"><img loading=\"lazy\" decoding=\"async\" class=\"alignnone wp-image-2598 size-thumbnail\" src=\"https:\/\/www.bambergorthodox.de\/wp-content\/uploads\/2017\/04\/IMG_20170421_194449-min-150x150.jpg\" alt=\"\" width=\"150\" height=\"150\" \/><\/a> <a  href=\"https:\/\/www.bambergorthodox.de\/wp-content\/uploads\/2017\/04\/IMG_20170421_194622-min.jpg\" data-rel=\"lightbox-gallery-0\" data-rl_title=\"\" data-rl_caption=\"\" title=\"\"><img loading=\"lazy\" decoding=\"async\" class=\"alignnone wp-image-2597 size-thumbnail\" src=\"https:\/\/www.bambergorthodox.de\/wp-content\/uploads\/2017\/04\/IMG_20170421_194622-min-150x150.jpg\" alt=\"\" width=\"150\" height=\"150\" \/><\/a> <a  href=\"https:\/\/www.bambergorthodox.de\/wp-content\/uploads\/2017\/04\/IMG_20170421_200811-min.jpg\" data-rel=\"lightbox-gallery-0\" data-rl_title=\"\" data-rl_caption=\"\" title=\"\"><img loading=\"lazy\" decoding=\"async\" class=\"alignnone wp-image-2596 size-thumbnail\" src=\"https:\/\/www.bambergorthodox.de\/wp-content\/uploads\/2017\/04\/IMG_20170421_200811-min-150x150.jpg\" alt=\"\" width=\"150\" height=\"150\" \/><\/a> <a  href=\"https:\/\/www.bambergorthodox.de\/wp-content\/uploads\/2017\/04\/IMG_20170421_204825-min.jpg\" data-rel=\"lightbox-gallery-0\" data-rl_title=\"\" data-rl_caption=\"\" title=\"\"><img loading=\"lazy\" decoding=\"async\" class=\"alignnone wp-image-2595 size-thumbnail\" src=\"https:\/\/www.bambergorthodox.de\/wp-content\/uploads\/2017\/04\/IMG_20170421_204825-min-150x150.jpg\" alt=\"\" width=\"150\" height=\"150\" \/><\/a> <a  href=\"https:\/\/www.bambergorthodox.de\/wp-content\/uploads\/2017\/04\/IMG_20170422_123400-min.jpg\" data-rel=\"lightbox-gallery-0\" data-rl_title=\"\" data-rl_caption=\"\" title=\"\"><img loading=\"lazy\" decoding=\"async\" class=\"alignnone wp-image-2594 size-thumbnail\" src=\"https:\/\/www.bambergorthodox.de\/wp-content\/uploads\/2017\/04\/IMG_20170422_123400-min-150x150.jpg\" alt=\"\" width=\"150\" height=\"150\" \/><\/a> <a  href=\"https:\/\/www.bambergorthodox.de\/wp-content\/uploads\/2017\/04\/IMG_20170422_155511-min.jpg\" data-rel=\"lightbox-gallery-0\" data-rl_title=\"\" data-rl_caption=\"\" title=\"\"><img loading=\"lazy\" decoding=\"async\" class=\"alignnone wp-image-2593 size-thumbnail\" src=\"https:\/\/www.bambergorthodox.de\/wp-content\/uploads\/2017\/04\/IMG_20170422_155511-min-150x150.jpg\" alt=\"\" width=\"150\" height=\"150\" \/><\/a> <a  href=\"https:\/\/www.bambergorthodox.de\/wp-content\/uploads\/2017\/04\/IMG_20170422_184000-min.jpg\" data-rel=\"lightbox-gallery-0\" data-rl_title=\"\" data-rl_caption=\"\" title=\"\"><img loading=\"lazy\" decoding=\"async\" class=\"alignnone wp-image-2592 size-thumbnail\" src=\"https:\/\/www.bambergorthodox.de\/wp-content\/uploads\/2017\/04\/IMG_20170422_184000-min-150x150.jpg\" alt=\"\" width=\"150\" height=\"150\" \/><\/a> <a  href=\"https:\/\/www.bambergorthodox.de\/wp-content\/uploads\/2017\/04\/IMG_20170422_184218-min.jpg\" data-rel=\"lightbox-gallery-0\" data-rl_title=\"\" data-rl_caption=\"\" title=\"\"><img loading=\"lazy\" decoding=\"async\" class=\"alignnone wp-image-2591 size-thumbnail\" src=\"https:\/\/www.bambergorthodox.de\/wp-content\/uploads\/2017\/04\/IMG_20170422_184218-min-150x150.jpg\" alt=\"\" width=\"150\" height=\"150\" \/><\/a>","protected":false},"excerpt":{"rendered":"<p>\u00cen Vinerea Luminat\u0103 a debutat, la Erlangen, simpozionul de teologie dedicat \u00eemplinirii a 100 de ani de la na\u0219terea profesoarei de teologie r\u0103s\u0103ritean\u0103 Fairy von Lilienfeld, \u00eentemeietoarea catedrei pentru studiul cre\u0219tinismului r\u0103s\u0103ritean \u00een cadrul facult\u0103\u021bii de teologie protestant\u0103 din vestitul centru universitar german. Timp de trei zile, teologi ortodoc\u0219i din Rom\u00e2nia, Rusia, Serbia \u0219i Grecia, &#8230; <a class=\"read-more\" href=\"https:\/\/www.bambergorthodox.de\/?p=2588\">Read more&#8230;<\/a><\/p>\n","protected":false},"author":2,"featured_media":0,"comment_status":"closed","ping_status":"open","sticky":false,"template":"","format":"standard","meta":{"jetpack_post_was_ever_published":false,"_jetpack_newsletter_access":"","_jetpack_dont_email_post_to_subs":false,"_jetpack_newsletter_tier_id":0,"_jetpack_memberships_contains_paywalled_content":false,"_jetpack_memberships_contains_paid_content":false,"footnotes":"","jetpack_publicize_message":"","jetpack_publicize_feature_enabled":true,"jetpack_social_post_already_shared":false,"jetpack_social_options":{"image_generator_settings":{"template":"highway","default_image_id":0,"font":"","enabled":false},"version":2}},"categories":[5],"tags":[],"class_list":["post-2588","post","type-post","status-publish","format-standard","hentry","category-text_menue"],"jetpack_publicize_connections":[],"jetpack_featured_media_url":"","jetpack_sharing_enabled":true,"jetpack_shortlink":"https:\/\/wp.me\/p93ZOd-FK","_links":{"self":[{"href":"https:\/\/www.bambergorthodox.de\/index.php?rest_route=\/wp\/v2\/posts\/2588","targetHints":{"allow":["GET"]}}],"collection":[{"href":"https:\/\/www.bambergorthodox.de\/index.php?rest_route=\/wp\/v2\/posts"}],"about":[{"href":"https:\/\/www.bambergorthodox.de\/index.php?rest_route=\/wp\/v2\/types\/post"}],"author":[{"embeddable":true,"href":"https:\/\/www.bambergorthodox.de\/index.php?rest_route=\/wp\/v2\/users\/2"}],"replies":[{"embeddable":true,"href":"https:\/\/www.bambergorthodox.de\/index.php?rest_route=%2Fwp%2Fv2%2Fcomments&post=2588"}],"version-history":[{"count":7,"href":"https:\/\/www.bambergorthodox.de\/index.php?rest_route=\/wp\/v2\/posts\/2588\/revisions"}],"predecessor-version":[{"id":2607,"href":"https:\/\/www.bambergorthodox.de\/index.php?rest_route=\/wp\/v2\/posts\/2588\/revisions\/2607"}],"wp:attachment":[{"href":"https:\/\/www.bambergorthodox.de\/index.php?rest_route=%2Fwp%2Fv2%2Fmedia&parent=2588"}],"wp:term":[{"taxonomy":"category","embeddable":true,"href":"https:\/\/www.bambergorthodox.de\/index.php?rest_route=%2Fwp%2Fv2%2Fcategories&post=2588"},{"taxonomy":"post_tag","embeddable":true,"href":"https:\/\/www.bambergorthodox.de\/index.php?rest_route=%2Fwp%2Fv2%2Ftags&post=2588"}],"curies":[{"name":"wp","href":"https:\/\/api.w.org\/{rel}","templated":true}]}}