{"id":2329,"date":"2017-04-07T10:06:43","date_gmt":"2017-04-07T08:06:43","guid":{"rendered":"http:\/\/www.bambergorthodox.de\/?p=2329"},"modified":"2017-04-11T15:12:11","modified_gmt":"2017-04-11T13:12:11","slug":"slujba-invierii-duminica-17-04-2017-orele-04-00","status":"publish","type":"post","link":"https:\/\/www.bambergorthodox.de\/?p=2329","title":{"rendered":"Slujba \u00cenvierii | Duminic\u0103 | 17.04.2017 | Orele 04.00"},"content":{"rendered":"<a  href=\"https:\/\/www.bambergorthodox.de\/wp-content\/uploads\/2017\/04\/dsc_1793.jpg\" data-rel=\"lightbox-gallery-0\" data-rl_title=\"\" data-rl_caption=\"\" title=\"\"><img loading=\"lazy\" decoding=\"async\" class=\"alignleft wp-image-2331 size-medium\" src=\"https:\/\/www.bambergorthodox.de\/wp-content\/uploads\/2017\/04\/dsc_1793-300x248.jpg\" alt=\"\" width=\"300\" height=\"248\" srcset=\"https:\/\/www.bambergorthodox.de\/wp-content\/uploads\/2017\/04\/dsc_1793-300x248.jpg 300w, https:\/\/www.bambergorthodox.de\/wp-content\/uploads\/2017\/04\/dsc_1793-768x635.jpg 768w, https:\/\/www.bambergorthodox.de\/wp-content\/uploads\/2017\/04\/dsc_1793-1024x846.jpg 1024w, https:\/\/www.bambergorthodox.de\/wp-content\/uploads\/2017\/04\/dsc_1793.jpg 1382w\" sizes=\"auto, (max-width: 300px) 100vw, 300px\" \/><\/a>Dragi cre\u0219tini,<\/p>\n<p>v\u0103 a\u0219tept s\u0103 ne bucur\u0103m \u00eempreun\u0103 de \u00cenvierea M\u00e2ntuitorului Iisus Hristos!<\/p>\n<p><span style=\"color: #ff0000;\">Slujba \u00cenvierii<\/span> se va celebra <span style=\"color: #ff0000;\">\u00een\u00a0noaptea de<\/span>\u00a0<span style=\"color: #ff0000;\">s\u00e2mb\u0103t\u0103 spre duminic\u0103, \u00eencep\u00e2nd cu\u00a0orele 04.00<\/span>, dup\u0103 cum urmeaz\u0103:<\/p>\n<p>&nbsp;<\/p>\n<p>&nbsp;<\/p>\n<ul>\n<li><strong><span style=\"color: #ff0000;\">04.00 &#8211; luarea Luminii \u0219i \u00eenconjurarea bisericii\u00a0<\/span><\/strong><\/li>\n<li><strong><span style=\"color: #ff0000;\">04.15 &#8211; Utrenia (Canonul) \u00cenvierii<\/span><\/strong><\/li>\n<li><strong><span style=\"color: #ff0000;\">05.00 &#8211; Sf\u00e2nta Liturghie a \u00cenvierii<\/span><\/strong><\/li>\n<li><strong><span style=\"color: #ff0000;\">aprox. 06.30 &#8211; binecuv\u00e2ntarea co\u0219ule\u021belor cu prinoase<\/span><\/strong><\/li>\n<li><strong><span style=\"color: #ff0000;\">07.00 &#8211; mic dejun \u00een sala din spatele bisericii<\/span><\/strong><\/li>\n<\/ul>\n<p>Programul complet al slujbelor din Perioada Pascal\u0103 \u00eel g\u0103si\u021bi la aceast\u0103 rubric\u0103 de Evenimente de pe pagina noastr\u0103 (vezi mai jos) \u0219i afi\u0219at la avizierul de la biseric\u0103.<\/p>\n<p>S\u0103pt\u0103m\u00e2n\u0103 cu spor \u00een post \u00een continuare!<\/p>\n<p>Cu bucurie,<\/p>\n<p>pr. P\u0103un","protected":false},"excerpt":{"rendered":"<p>Dragi cre\u0219tini, v\u0103 a\u0219tept s\u0103 ne bucur\u0103m \u00eempreun\u0103 de \u00cenvierea M\u00e2ntuitorului Iisus Hristos! Slujba \u00cenvierii se va celebra \u00een\u00a0noaptea de\u00a0s\u00e2mb\u0103t\u0103 spre duminic\u0103, \u00eencep\u00e2nd cu\u00a0orele 04.00, dup\u0103 cum urmeaz\u0103: &nbsp; &nbsp; 04.00 &#8211; luarea Luminii \u0219i \u00eenconjurarea bisericii\u00a0 04.15 &#8211; Utrenia (Canonul) \u00cenvierii 05.00 &#8211; Sf\u00e2nta Liturghie a \u00cenvierii aprox. 06.30 &#8211; binecuv\u00e2ntarea co\u0219ule\u021belor cu prinoase &#8230; <a class=\"read-more\" href=\"https:\/\/www.bambergorthodox.de\/?p=2329\">Read more&#8230;<\/a><\/p>\n","protected":false},"author":2,"featured_media":0,"comment_status":"closed","ping_status":"open","sticky":false,"template":"","format":"standard","meta":{"jetpack_post_was_ever_published":false,"_jetpack_newsletter_access":"","_jetpack_dont_email_post_to_subs":false,"_jetpack_newsletter_tier_id":0,"_jetpack_memberships_contains_paywalled_content":false,"_jetpack_memberships_contains_paid_content":false,"footnotes":"","jetpack_publicize_message":"","jetpack_publicize_feature_enabled":true,"jetpack_social_post_already_shared":false,"jetpack_social_options":{"image_generator_settings":{"template":"highway","default_image_id":0,"font":"","enabled":false},"version":2}},"categories":[5],"tags":[],"class_list":["post-2329","post","type-post","status-publish","format-standard","hentry","category-text_menue"],"jetpack_publicize_connections":[],"jetpack_featured_media_url":"","jetpack_sharing_enabled":true,"jetpack_shortlink":"https:\/\/wp.me\/p93ZOd-Bz","_links":{"self":[{"href":"https:\/\/www.bambergorthodox.de\/index.php?rest_route=\/wp\/v2\/posts\/2329","targetHints":{"allow":["GET"]}}],"collection":[{"href":"https:\/\/www.bambergorthodox.de\/index.php?rest_route=\/wp\/v2\/posts"}],"about":[{"href":"https:\/\/www.bambergorthodox.de\/index.php?rest_route=\/wp\/v2\/types\/post"}],"author":[{"embeddable":true,"href":"https:\/\/www.bambergorthodox.de\/index.php?rest_route=\/wp\/v2\/users\/2"}],"replies":[{"embeddable":true,"href":"https:\/\/www.bambergorthodox.de\/index.php?rest_route=%2Fwp%2Fv2%2Fcomments&post=2329"}],"version-history":[{"count":7,"href":"https:\/\/www.bambergorthodox.de\/index.php?rest_route=\/wp\/v2\/posts\/2329\/revisions"}],"predecessor-version":[{"id":2387,"href":"https:\/\/www.bambergorthodox.de\/index.php?rest_route=\/wp\/v2\/posts\/2329\/revisions\/2387"}],"wp:attachment":[{"href":"https:\/\/www.bambergorthodox.de\/index.php?rest_route=%2Fwp%2Fv2%2Fmedia&parent=2329"}],"wp:term":[{"taxonomy":"category","embeddable":true,"href":"https:\/\/www.bambergorthodox.de\/index.php?rest_route=%2Fwp%2Fv2%2Fcategories&post=2329"},{"taxonomy":"post_tag","embeddable":true,"href":"https:\/\/www.bambergorthodox.de\/index.php?rest_route=%2Fwp%2Fv2%2Ftags&post=2329"}],"curies":[{"name":"wp","href":"https:\/\/api.w.org\/{rel}","templated":true}]}}