{"id":2289,"date":"2017-04-03T22:15:07","date_gmt":"2017-04-03T20:15:07","guid":{"rendered":"http:\/\/www.bambergorthodox.de\/?p=2289"},"modified":"2017-04-04T10:13:29","modified_gmt":"2017-04-04T08:13:29","slug":"liturghia-darurilor-mai-inainte-sfintite","status":"publish","type":"post","link":"https:\/\/www.bambergorthodox.de\/?p=2289","title":{"rendered":"Liturghia Darurilor mai \u00eenainte Sfin\u021bite"},"content":{"rendered":"<a  href=\"https:\/\/www.bambergorthodox.de\/wp-content\/uploads\/2017\/04\/foto-liturghie.jpg\" data-rel=\"lightbox-gallery-0\" data-rl_title=\"\" data-rl_caption=\"\" title=\"\"><img loading=\"lazy\" decoding=\"async\" class=\"size-medium wp-image-2290 alignleft\" src=\"https:\/\/www.bambergorthodox.de\/wp-content\/uploads\/2017\/04\/foto-liturghie-255x300.jpg\" alt=\"\" width=\"255\" height=\"300\" srcset=\"https:\/\/www.bambergorthodox.de\/wp-content\/uploads\/2017\/04\/foto-liturghie-255x300.jpg 255w, https:\/\/www.bambergorthodox.de\/wp-content\/uploads\/2017\/04\/foto-liturghie.jpg 640w\" sizes=\"auto, (max-width: 255px) 100vw, 255px\" \/><\/a><\/p>\n<p><em>Dragi credincio\u0219i,<\/em><\/p>\n<p><em>miercuri, 5 aprilie, orele 18.00, vom oficia Liturghia Darurilor mai \u00eenainte Sfin\u021bite, slujb\u0103 specific\u0103 Postului Mare.<\/em><\/p>\n<p><em>Mai multe detalii despre aceast\u0103 slujb\u0103 g\u0103si\u021bi <a href=\"https:\/\/doxologia.ro\/viata-bisericii\/documentar\/ce-este-liturghia-darurilor-mai-inainte-sfintite\" target=\"_blank\">aici<\/a>.<\/em><\/p>\n<p><em>Cu binecuv\u00e2ntare,<\/em><\/p>\n<p><em>pr. P\u0103un<\/em>","protected":false},"excerpt":{"rendered":"<p>Dragi credincio\u0219i, miercuri, 5 aprilie, orele 18.00, vom oficia Liturghia Darurilor mai \u00eenainte Sfin\u021bite, slujb\u0103 specific\u0103 Postului Mare. Mai multe detalii despre aceast\u0103 slujb\u0103 g\u0103si\u021bi aici. Cu binecuv\u00e2ntare, pr. P\u0103un<\/p>\n","protected":false},"author":1,"featured_media":0,"comment_status":"closed","ping_status":"open","sticky":false,"template":"","format":"standard","meta":{"jetpack_post_was_ever_published":false,"_jetpack_newsletter_access":"","_jetpack_dont_email_post_to_subs":false,"_jetpack_newsletter_tier_id":0,"_jetpack_memberships_contains_paywalled_content":false,"_jetpack_memberships_contains_paid_content":false,"footnotes":"","jetpack_publicize_message":"","jetpack_publicize_feature_enabled":true,"jetpack_social_post_already_shared":false,"jetpack_social_options":{"image_generator_settings":{"template":"highway","default_image_id":0,"font":"","enabled":false},"version":2}},"categories":[5],"tags":[],"class_list":["post-2289","post","type-post","status-publish","format-standard","hentry","category-text_menue"],"jetpack_publicize_connections":[],"jetpack_featured_media_url":"","jetpack_sharing_enabled":true,"jetpack_shortlink":"https:\/\/wp.me\/p93ZOd-AV","_links":{"self":[{"href":"https:\/\/www.bambergorthodox.de\/index.php?rest_route=\/wp\/v2\/posts\/2289","targetHints":{"allow":["GET"]}}],"collection":[{"href":"https:\/\/www.bambergorthodox.de\/index.php?rest_route=\/wp\/v2\/posts"}],"about":[{"href":"https:\/\/www.bambergorthodox.de\/index.php?rest_route=\/wp\/v2\/types\/post"}],"author":[{"embeddable":true,"href":"https:\/\/www.bambergorthodox.de\/index.php?rest_route=\/wp\/v2\/users\/1"}],"replies":[{"embeddable":true,"href":"https:\/\/www.bambergorthodox.de\/index.php?rest_route=%2Fwp%2Fv2%2Fcomments&post=2289"}],"version-history":[{"count":3,"href":"https:\/\/www.bambergorthodox.de\/index.php?rest_route=\/wp\/v2\/posts\/2289\/revisions"}],"predecessor-version":[{"id":2296,"href":"https:\/\/www.bambergorthodox.de\/index.php?rest_route=\/wp\/v2\/posts\/2289\/revisions\/2296"}],"wp:attachment":[{"href":"https:\/\/www.bambergorthodox.de\/index.php?rest_route=%2Fwp%2Fv2%2Fmedia&parent=2289"}],"wp:term":[{"taxonomy":"category","embeddable":true,"href":"https:\/\/www.bambergorthodox.de\/index.php?rest_route=%2Fwp%2Fv2%2Fcategories&post=2289"},{"taxonomy":"post_tag","embeddable":true,"href":"https:\/\/www.bambergorthodox.de\/index.php?rest_route=%2Fwp%2Fv2%2Ftags&post=2289"}],"curies":[{"name":"wp","href":"https:\/\/api.w.org\/{rel}","templated":true}]}}