{"id":2170,"date":"2017-03-21T09:49:53","date_gmt":"2017-03-21T08:49:53","guid":{"rendered":"http:\/\/www.bambergorthodox.de\/?p=2170"},"modified":"2017-04-04T09:08:45","modified_gmt":"2017-04-04T07:08:45","slug":"vizita-consulului-general-al-romaniei-din-munchen","status":"publish","type":"post","link":"https:\/\/www.bambergorthodox.de\/?p=2170","title":{"rendered":"Vizita Consulului General al Rom\u00e2niei din M\u00fcnchen"},"content":{"rendered":"<em><a  href=\"https:\/\/www.bambergorthodox.de\/wp-content\/uploads\/2017\/03\/DSC03813-2.jpg\" data-rel=\"lightbox-gallery-0\" data-rl_title=\"\" data-rl_caption=\"\" title=\"\"><img loading=\"lazy\" decoding=\"async\" class=\"size-medium wp-image-2188 alignleft\" src=\"https:\/\/www.bambergorthodox.de\/wp-content\/uploads\/2017\/03\/DSC03813-2-300x200.jpg\" alt=\"\" width=\"300\" height=\"200\" srcset=\"https:\/\/www.bambergorthodox.de\/wp-content\/uploads\/2017\/03\/DSC03813-2-300x200.jpg 300w, https:\/\/www.bambergorthodox.de\/wp-content\/uploads\/2017\/03\/DSC03813-2-768x511.jpg 768w, https:\/\/www.bambergorthodox.de\/wp-content\/uploads\/2017\/03\/DSC03813-2-1024x682.jpg 1024w\" sizes=\"auto, (max-width: 300px) 100vw, 300px\" \/><\/a>\u00cen Duminica a treia a Postului Mare, a Sfintei Cruci, s-au \u00eemplinit patru ani de zile de la \u00eenfiin\u021barea parohiei noastre, de la <a href=\"https:\/\/www.bambergorthodox.de\/multimedia\/\" target=\"_blank\">prima Sf\u00e2nt\u0103 Liturghie<\/a> slujit\u0103 \u00een biserica cu hramul \u201eSf. Ioan Botez\u0103torul\u201c, \u00een data de 17 martie 2013.<\/em><\/p>\n<p><em>Cu aceast\u0103 ocazie, comunitatea parohial\u0103 a primit vizita doamnei Iulia-Ramona Chiriac, <a href=\"https:\/\/muenchen.mae.ro\/node\/149\" target=\"_blank\">consul general al Rom\u00e2niei la M\u00fcnchen<\/a>, care a participat la Sf\u00e2nta Liturghie. \u00cen \u00eencheierea slujbei, doamna consul general a prezentat activitatea desf\u0103\u0219urat\u0103 \u00een cadrul Consulatului General al Rom\u00e2niei din M\u00fcnchen, Consulat ce are \u00een circumscrip\u021bia sa teritorial\u0103 landurile Bavaria \u0219i Baden-W\u00fcrttemberg (\u00eenc\u0103).<\/em><!--more--><\/p>\n<p><em>\u00cen \u00eencheiere, credincio\u0219ii prezen\u021bi au purtat un dialog cu doamna Chiriac, av\u00e2nd posibilitatea de a afla r\u0103spunsuri la diferitele probleme administrative \u0219i la dificult\u0103\u021bile \u00eent\u00e2lnite \u00een procesul diferitelor servicii consulare. <a href=\"https:\/\/muenchen.mae.ro\/local-news\/1129\" target=\"_blank\">Vizita doamnei Consul general<\/a> face parte dintr-un proiect al Consulatului, intitulat <a href=\"https:\/\/muenchen.mae.ro\/node\/1106\" target=\"_blank\">Bavaria de la A la Z<\/a>. \u00cen cadrul acestuia au avut loc deja \u00eent\u00e2lniri cu\u00a0rom\u00e2nii din\u00a0parohiile Augsburg, Traunreut \u015fi\u00a0Rosenheim.<\/em><\/p>\n<p><em>De asemenea, \u00een cadrul mesei de pr\u00e2nz, p\u0103rintele paroh \u0219i doamna Chiriac au dezb\u0103tut posibile proiecte comune, ce ar putea fi dezvoltate de c\u0103tre <a href=\"https:\/\/muenchen.mae.ro\" target=\"_blank\">Consulatul General al Rom\u00e2niei la M\u00fcnchen<\/a>, \u00een colaborare cu parohiile rom\u00e2ne\u0219ti din Bavaria.<\/em><\/p>\n<p><em>Pr. P\u0103un<\/em><\/p>\n<p>&nbsp;<\/p>\n[metaslider id=2177]","protected":false},"excerpt":{"rendered":"<p>\u00cen Duminica a treia a Postului Mare, a Sfintei Cruci, s-au \u00eemplinit patru ani de zile de la \u00eenfiin\u021barea parohiei noastre, de la prima Sf\u00e2nt\u0103 Liturghie slujit\u0103 \u00een biserica cu hramul \u201eSf. Ioan Botez\u0103torul\u201c, \u00een data de 17 martie 2013. Cu aceast\u0103 ocazie, comunitatea parohial\u0103 a primit vizita doamnei Iulia-Ramona Chiriac, consul general al Rom\u00e2niei &#8230; <a class=\"read-more\" href=\"https:\/\/www.bambergorthodox.de\/?p=2170\">Read more&#8230;<\/a><\/p>\n","protected":false},"author":1,"featured_media":0,"comment_status":"closed","ping_status":"open","sticky":false,"template":"","format":"standard","meta":{"jetpack_post_was_ever_published":false,"_jetpack_newsletter_access":"","_jetpack_dont_email_post_to_subs":false,"_jetpack_newsletter_tier_id":0,"_jetpack_memberships_contains_paywalled_content":false,"_jetpack_memberships_contains_paid_content":false,"footnotes":"","jetpack_publicize_message":"","jetpack_publicize_feature_enabled":true,"jetpack_social_post_already_shared":false,"jetpack_social_options":{"image_generator_settings":{"template":"highway","default_image_id":0,"font":"","enabled":false},"version":2}},"categories":[5],"tags":[],"class_list":["post-2170","post","type-post","status-publish","format-standard","hentry","category-text_menue"],"jetpack_publicize_connections":[],"jetpack_featured_media_url":"","jetpack_sharing_enabled":true,"jetpack_shortlink":"https:\/\/wp.me\/p93ZOd-z0","_links":{"self":[{"href":"https:\/\/www.bambergorthodox.de\/index.php?rest_route=\/wp\/v2\/posts\/2170","targetHints":{"allow":["GET"]}}],"collection":[{"href":"https:\/\/www.bambergorthodox.de\/index.php?rest_route=\/wp\/v2\/posts"}],"about":[{"href":"https:\/\/www.bambergorthodox.de\/index.php?rest_route=\/wp\/v2\/types\/post"}],"author":[{"embeddable":true,"href":"https:\/\/www.bambergorthodox.de\/index.php?rest_route=\/wp\/v2\/users\/1"}],"replies":[{"embeddable":true,"href":"https:\/\/www.bambergorthodox.de\/index.php?rest_route=%2Fwp%2Fv2%2Fcomments&post=2170"}],"version-history":[{"count":10,"href":"https:\/\/www.bambergorthodox.de\/index.php?rest_route=\/wp\/v2\/posts\/2170\/revisions"}],"predecessor-version":[{"id":2294,"href":"https:\/\/www.bambergorthodox.de\/index.php?rest_route=\/wp\/v2\/posts\/2170\/revisions\/2294"}],"wp:attachment":[{"href":"https:\/\/www.bambergorthodox.de\/index.php?rest_route=%2Fwp%2Fv2%2Fmedia&parent=2170"}],"wp:term":[{"taxonomy":"category","embeddable":true,"href":"https:\/\/www.bambergorthodox.de\/index.php?rest_route=%2Fwp%2Fv2%2Fcategories&post=2170"},{"taxonomy":"post_tag","embeddable":true,"href":"https:\/\/www.bambergorthodox.de\/index.php?rest_route=%2Fwp%2Fv2%2Ftags&post=2170"}],"curies":[{"name":"wp","href":"https:\/\/api.w.org\/{rel}","templated":true}]}}