{"id":1888,"date":"2017-03-02T11:11:33","date_gmt":"2017-03-02T10:11:33","guid":{"rendered":"http:\/\/www.bambergorthodox.de\/?p=1888"},"modified":"2017-03-14T14:30:22","modified_gmt":"2017-03-14T13:30:22","slug":"indicator-rutier-slujbe-romanesti-in-bamberg-gaustadt","status":"publish","type":"post","link":"https:\/\/www.bambergorthodox.de\/?p=1888","title":{"rendered":"Indicator rutier | Slujbe rom\u00e2ne\u0219ti \u00een Bamberg (Gaustadt)"},"content":{"rendered":"<em><a  href=\"https:\/\/www.bambergorthodox.de\/wp-content\/uploads\/2017\/03\/20170216_152524-e1488449390161.jpg\" data-rel=\"lightbox-gallery-0\" data-rl_title=\"\" data-rl_caption=\"\" title=\"\"><img loading=\"lazy\" decoding=\"async\" class=\"alignleft wp-image-1889 size-medium\" src=\"https:\/\/www.bambergorthodox.de\/wp-content\/uploads\/2017\/03\/20170216_152524-e1488449390161-169x300.jpg\" width=\"169\" height=\"300\" srcset=\"https:\/\/www.bambergorthodox.de\/wp-content\/uploads\/2017\/03\/20170216_152524-e1488449390161-169x300.jpg 169w, https:\/\/www.bambergorthodox.de\/wp-content\/uploads\/2017\/03\/20170216_152524-e1488449390161-768x1365.jpg 768w, https:\/\/www.bambergorthodox.de\/wp-content\/uploads\/2017\/03\/20170216_152524-e1488449390161-576x1024.jpg 576w\" sizes=\"auto, (max-width: 169px) 100vw, 169px\" \/><\/a>V\u0103 anun\u021b cu bucurie faptul c\u0103 \u00eencep\u00e2nd cu luna februarie a.c., indicatorul rutier cu orarul slujbelor, de la intrarea \u00een Bamberg (Gaustadt) dinspre Bischberg, a fost actualizat \u0219i acum ofer\u0103 informa\u021bii \u0219i despre slujbele rom\u00e2ne\u0219ti oferite de parohia noastr\u0103.<\/em><\/p>\n<p><em>\u00cen dreptul bisericii St. Johannes, la orele 10.30, este trecut\u0103 Sf. Liturghie ortodox\u0103 \u00een limba rom\u00e2n\u0103 (vezi imaginea al\u0103turat\u0103).<\/em><\/p>\n<p><em>A\u0219adar, to\u021bi cei care trec prin zon\u0103 \u0219i vor privi\u00a0acel indicator, vor \u0219ti c\u0103 \u0219i rom\u00e2nii ortodoc\u0219i au un loc al lor de rug\u0103ciune \u00een localitate.<\/em><\/p>\n<p><em>Slav\u0103 lui Dumnezeu pentru toate!<\/em><\/p>\n<p><em>Pr. P\u0103un<\/em><\/p>\n<p>&nbsp;","protected":false},"excerpt":{"rendered":"<p>V\u0103 anun\u021b cu bucurie faptul c\u0103 \u00eencep\u00e2nd cu luna februarie a.c., indicatorul rutier cu orarul slujbelor, de la intrarea \u00een Bamberg (Gaustadt) dinspre Bischberg, a fost actualizat \u0219i acum ofer\u0103 informa\u021bii \u0219i despre slujbele rom\u00e2ne\u0219ti oferite de parohia noastr\u0103. \u00cen dreptul bisericii St. Johannes, la orele 10.30, este trecut\u0103 Sf. Liturghie ortodox\u0103 \u00een limba rom\u00e2n\u0103 &#8230; <a class=\"read-more\" href=\"https:\/\/www.bambergorthodox.de\/?p=1888\">Read more&#8230;<\/a><\/p>\n","protected":false},"author":1,"featured_media":0,"comment_status":"closed","ping_status":"open","sticky":false,"template":"","format":"standard","meta":{"jetpack_post_was_ever_published":false,"_jetpack_newsletter_access":"","_jetpack_dont_email_post_to_subs":false,"_jetpack_newsletter_tier_id":0,"_jetpack_memberships_contains_paywalled_content":false,"_jetpack_memberships_contains_paid_content":false,"footnotes":"","jetpack_publicize_message":"","jetpack_publicize_feature_enabled":true,"jetpack_social_post_already_shared":false,"jetpack_social_options":{"image_generator_settings":{"template":"highway","default_image_id":0,"font":"","enabled":false},"version":2}},"categories":[5],"tags":[],"class_list":["post-1888","post","type-post","status-publish","format-standard","hentry","category-text_menue"],"jetpack_publicize_connections":[],"jetpack_featured_media_url":"","jetpack_sharing_enabled":true,"jetpack_shortlink":"https:\/\/wp.me\/p93ZOd-us","_links":{"self":[{"href":"https:\/\/www.bambergorthodox.de\/index.php?rest_route=\/wp\/v2\/posts\/1888","targetHints":{"allow":["GET"]}}],"collection":[{"href":"https:\/\/www.bambergorthodox.de\/index.php?rest_route=\/wp\/v2\/posts"}],"about":[{"href":"https:\/\/www.bambergorthodox.de\/index.php?rest_route=\/wp\/v2\/types\/post"}],"author":[{"embeddable":true,"href":"https:\/\/www.bambergorthodox.de\/index.php?rest_route=\/wp\/v2\/users\/1"}],"replies":[{"embeddable":true,"href":"https:\/\/www.bambergorthodox.de\/index.php?rest_route=%2Fwp%2Fv2%2Fcomments&post=1888"}],"version-history":[{"count":3,"href":"https:\/\/www.bambergorthodox.de\/index.php?rest_route=\/wp\/v2\/posts\/1888\/revisions"}],"predecessor-version":[{"id":1900,"href":"https:\/\/www.bambergorthodox.de\/index.php?rest_route=\/wp\/v2\/posts\/1888\/revisions\/1900"}],"wp:attachment":[{"href":"https:\/\/www.bambergorthodox.de\/index.php?rest_route=%2Fwp%2Fv2%2Fmedia&parent=1888"}],"wp:term":[{"taxonomy":"category","embeddable":true,"href":"https:\/\/www.bambergorthodox.de\/index.php?rest_route=%2Fwp%2Fv2%2Fcategories&post=1888"},{"taxonomy":"post_tag","embeddable":true,"href":"https:\/\/www.bambergorthodox.de\/index.php?rest_route=%2Fwp%2Fv2%2Ftags&post=1888"}],"curies":[{"name":"wp","href":"https:\/\/api.w.org\/{rel}","templated":true}]}}