{"id":1843,"date":"2017-02-22T21:46:39","date_gmt":"2017-02-22T20:46:39","guid":{"rendered":"http:\/\/www.bambergorthodox.de\/?p=1843"},"modified":"2017-03-15T09:48:46","modified_gmt":"2017-03-15T08:48:46","slug":"romana-program-de-spovedanie-in-post","status":"publish","type":"post","link":"https:\/\/www.bambergorthodox.de\/?p=1843","title":{"rendered":"Postul Mare | Program de spovedanie"},"content":{"rendered":"<a  href=\"https:\/\/www.bambergorthodox.de\/wp-content\/uploads\/2017\/02\/IndreptarSpovedanieCleopa1_2.jpg\" data-rel=\"lightbox-gallery-0\" data-rl_title=\"\" data-rl_caption=\"\" title=\"\"><img loading=\"lazy\" decoding=\"async\" class=\"alignleft wp-image-1844 size-medium\" src=\"https:\/\/www.bambergorthodox.de\/wp-content\/uploads\/2017\/02\/IndreptarSpovedanieCleopa1_2-197x300.jpg\" width=\"197\" height=\"300\" srcset=\"https:\/\/www.bambergorthodox.de\/wp-content\/uploads\/2017\/02\/IndreptarSpovedanieCleopa1_2-197x300.jpg 197w, https:\/\/www.bambergorthodox.de\/wp-content\/uploads\/2017\/02\/IndreptarSpovedanieCleopa1_2-768x1171.jpg 768w, https:\/\/www.bambergorthodox.de\/wp-content\/uploads\/2017\/02\/IndreptarSpovedanieCleopa1_2-671x1024.jpg 671w, https:\/\/www.bambergorthodox.de\/wp-content\/uploads\/2017\/02\/IndreptarSpovedanieCleopa1_2.jpg 800w\" sizes=\"auto, (max-width: 197px) 100vw, 197px\" \/><\/a><em>Dragi credincio\u0219i,<\/em><\/p>\n<p><em>\u00een Postul Mare v\u0103 a\u0219tept cu drag la spovedanie \u00een urm\u0103toarele dou\u0103 zile:<\/em><\/p>\n<ul>\n<li><em><strong>s\u00e2mb\u0103t\u0103, 25 martie, Buna Vestire, \u00eentre orele 16.00-20.00<\/strong><\/em><\/li>\n<li><em><strong>s\u00e2mb\u0103t\u0103, 1 aprilie, \u00eentre orele 16.00-20.00<\/strong><\/em><\/li>\n<\/ul>\n<p><em>Pentru to\u021bi cei ce dori\u021bi s\u0103 v\u0103 spovedi\u021bi, v\u0103 rog s\u0103 v\u0103 str\u0103dui\u021bi s\u0103 ajunge\u021bi \u00een aceste zile. Men\u021bionez c\u0103 \u00een S\u0103pt\u0103m\u00e2na Mare nu pot spovedi, datorit\u0103 programului de slujbe foarte \u00eenc\u0103rcat.<\/em><\/p>\n<p><em>Cu bucurie la \u00eenceput de post,<\/em><\/p>\n<p><em>pr. Ionu\u021b<\/em>","protected":false},"excerpt":{"rendered":"<p>Dragi credincio\u0219i, \u00een Postul Mare v\u0103 a\u0219tept cu drag la spovedanie \u00een urm\u0103toarele dou\u0103 zile: s\u00e2mb\u0103t\u0103, 25 martie, Buna Vestire, \u00eentre orele 16.00-20.00 s\u00e2mb\u0103t\u0103, 1 aprilie, \u00eentre orele 16.00-20.00 Pentru to\u021bi cei ce dori\u021bi s\u0103 v\u0103 spovedi\u021bi, v\u0103 rog s\u0103 v\u0103 str\u0103dui\u021bi s\u0103 ajunge\u021bi \u00een aceste zile. Men\u021bionez c\u0103 \u00een S\u0103pt\u0103m\u00e2na Mare nu pot spovedi, &#8230; <a class=\"read-more\" href=\"https:\/\/www.bambergorthodox.de\/?p=1843\">Read more&#8230;<\/a><\/p>\n","protected":false},"author":1,"featured_media":0,"comment_status":"closed","ping_status":"open","sticky":false,"template":"","format":"standard","meta":{"jetpack_post_was_ever_published":false,"_jetpack_newsletter_access":"","_jetpack_dont_email_post_to_subs":false,"_jetpack_newsletter_tier_id":0,"_jetpack_memberships_contains_paywalled_content":false,"_jetpack_memberships_contains_paid_content":false,"footnotes":"","jetpack_publicize_message":"","jetpack_publicize_feature_enabled":true,"jetpack_social_post_already_shared":false,"jetpack_social_options":{"image_generator_settings":{"template":"highway","default_image_id":0,"font":"","enabled":false},"version":2}},"categories":[5],"tags":[],"class_list":["post-1843","post","type-post","status-publish","format-standard","hentry","category-text_menue"],"jetpack_publicize_connections":[],"jetpack_featured_media_url":"","jetpack_sharing_enabled":true,"jetpack_shortlink":"https:\/\/wp.me\/p93ZOd-tJ","_links":{"self":[{"href":"https:\/\/www.bambergorthodox.de\/index.php?rest_route=\/wp\/v2\/posts\/1843","targetHints":{"allow":["GET"]}}],"collection":[{"href":"https:\/\/www.bambergorthodox.de\/index.php?rest_route=\/wp\/v2\/posts"}],"about":[{"href":"https:\/\/www.bambergorthodox.de\/index.php?rest_route=\/wp\/v2\/types\/post"}],"author":[{"embeddable":true,"href":"https:\/\/www.bambergorthodox.de\/index.php?rest_route=\/wp\/v2\/users\/1"}],"replies":[{"embeddable":true,"href":"https:\/\/www.bambergorthodox.de\/index.php?rest_route=%2Fwp%2Fv2%2Fcomments&post=1843"}],"version-history":[{"count":6,"href":"https:\/\/www.bambergorthodox.de\/index.php?rest_route=\/wp\/v2\/posts\/1843\/revisions"}],"predecessor-version":[{"id":2132,"href":"https:\/\/www.bambergorthodox.de\/index.php?rest_route=\/wp\/v2\/posts\/1843\/revisions\/2132"}],"wp:attachment":[{"href":"https:\/\/www.bambergorthodox.de\/index.php?rest_route=%2Fwp%2Fv2%2Fmedia&parent=1843"}],"wp:term":[{"taxonomy":"category","embeddable":true,"href":"https:\/\/www.bambergorthodox.de\/index.php?rest_route=%2Fwp%2Fv2%2Fcategories&post=1843"},{"taxonomy":"post_tag","embeddable":true,"href":"https:\/\/www.bambergorthodox.de\/index.php?rest_route=%2Fwp%2Fv2%2Ftags&post=1843"}],"curies":[{"name":"wp","href":"https:\/\/api.w.org\/{rel}","templated":true}]}}