{"id":1837,"date":"2017-02-22T12:46:41","date_gmt":"2017-02-22T11:46:41","guid":{"rendered":"http:\/\/www.bambergorthodox.de\/?p=1837"},"modified":"2017-03-14T14:32:34","modified_gmt":"2017-03-14T13:32:34","slug":"1837-2","status":"publish","type":"post","link":"https:\/\/www.bambergorthodox.de\/?p=1837","title":{"rendered":"Canonul Sf. Andrei Cretanul | Prima s\u0103pt\u0103m\u00e2n\u0103 din Postul Mare"},"content":{"rendered":"<em><a  href=\"https:\/\/www.bambergorthodox.de\/wp-content\/uploads\/2017\/02\/hqdefault.jpg\" data-rel=\"lightbox-gallery-0\" data-rl_title=\"\" data-rl_caption=\"\" title=\"\"><img loading=\"lazy\" decoding=\"async\" class=\"size-medium wp-image-1838 alignleft\" src=\"https:\/\/www.bambergorthodox.de\/wp-content\/uploads\/2017\/02\/hqdefault-300x225.jpg\" alt=\"\" width=\"300\" height=\"225\" srcset=\"https:\/\/www.bambergorthodox.de\/wp-content\/uploads\/2017\/02\/hqdefault-300x225.jpg 300w, https:\/\/www.bambergorthodox.de\/wp-content\/uploads\/2017\/02\/hqdefault.jpg 480w\" sizes=\"auto, (max-width: 300px) 100vw, 300px\" \/><\/a>Dreptm\u0103ritori cre\u0219tini,<\/em><\/p>\n<p><em>v\u0103 invit\u00a0s\u0103 ne rug\u0103m \u00eempreun\u0103\u00a0la slujba Canonului celui Mare a Sf\u00e2ntului Andrei Cretanul, specific\u0103 acestei perioade a Postului Pa\u0219telui\u00a0(despre Canon citi\u021bi <span style=\"color: #ff0000;\"><a style=\"color: #ff0000;\" href=\"http:\/\/www.crestinortodox.ro\/paste\/canonul-sfantului-andrei-criteanul\/canonul-cel-mare-71041.html\">aici<\/a><\/span>).\u00a0<\/em><\/p>\n<p><em>Aceast\u0103 slujb\u0103 se va s\u0103v\u00e2r\u0219i \u00een prima s\u0103pt\u0103m\u00e2n\u0103 din\u00a0post, de luni p\u00e2n\u0103 joi inclusiv (27.02. &#8211; 02.03.), de la orele 19.00.<\/em><br \/>\n<em>Post cu mult folos duhovnicesc v\u0103 doresc tuturor,<\/em><\/p>\n<p><em>Pr. P\u0103un<\/em>","protected":false},"excerpt":{"rendered":"<p>Dreptm\u0103ritori cre\u0219tini, v\u0103 invit\u00a0s\u0103 ne rug\u0103m \u00eempreun\u0103\u00a0la slujba Canonului celui Mare a Sf\u00e2ntului Andrei Cretanul, specific\u0103 acestei perioade a Postului Pa\u0219telui\u00a0(despre Canon citi\u021bi aici).\u00a0 Aceast\u0103 slujb\u0103 se va s\u0103v\u00e2r\u0219i \u00een prima s\u0103pt\u0103m\u00e2n\u0103 din\u00a0post, de luni p\u00e2n\u0103 joi inclusiv (27.02. &#8211; 02.03.), de la orele 19.00. Post cu mult folos duhovnicesc v\u0103 doresc tuturor, Pr. P\u0103un<\/p>\n","protected":false},"author":1,"featured_media":0,"comment_status":"closed","ping_status":"open","sticky":false,"template":"","format":"standard","meta":{"jetpack_post_was_ever_published":false,"_jetpack_newsletter_access":"","_jetpack_dont_email_post_to_subs":false,"_jetpack_newsletter_tier_id":0,"_jetpack_memberships_contains_paywalled_content":false,"_jetpack_memberships_contains_paid_content":false,"footnotes":"","jetpack_publicize_message":"","jetpack_publicize_feature_enabled":true,"jetpack_social_post_already_shared":false,"jetpack_social_options":{"image_generator_settings":{"template":"highway","default_image_id":0,"font":"","enabled":false},"version":2}},"categories":[5],"tags":[],"class_list":["post-1837","post","type-post","status-publish","format-standard","hentry","category-text_menue"],"jetpack_publicize_connections":[],"jetpack_featured_media_url":"","jetpack_sharing_enabled":true,"jetpack_shortlink":"https:\/\/wp.me\/p93ZOd-tD","_links":{"self":[{"href":"https:\/\/www.bambergorthodox.de\/index.php?rest_route=\/wp\/v2\/posts\/1837","targetHints":{"allow":["GET"]}}],"collection":[{"href":"https:\/\/www.bambergorthodox.de\/index.php?rest_route=\/wp\/v2\/posts"}],"about":[{"href":"https:\/\/www.bambergorthodox.de\/index.php?rest_route=\/wp\/v2\/types\/post"}],"author":[{"embeddable":true,"href":"https:\/\/www.bambergorthodox.de\/index.php?rest_route=\/wp\/v2\/users\/1"}],"replies":[{"embeddable":true,"href":"https:\/\/www.bambergorthodox.de\/index.php?rest_route=%2Fwp%2Fv2%2Fcomments&post=1837"}],"version-history":[{"count":3,"href":"https:\/\/www.bambergorthodox.de\/index.php?rest_route=\/wp\/v2\/posts\/1837\/revisions"}],"predecessor-version":[{"id":2120,"href":"https:\/\/www.bambergorthodox.de\/index.php?rest_route=\/wp\/v2\/posts\/1837\/revisions\/2120"}],"wp:attachment":[{"href":"https:\/\/www.bambergorthodox.de\/index.php?rest_route=%2Fwp%2Fv2%2Fmedia&parent=1837"}],"wp:term":[{"taxonomy":"category","embeddable":true,"href":"https:\/\/www.bambergorthodox.de\/index.php?rest_route=%2Fwp%2Fv2%2Fcategories&post=1837"},{"taxonomy":"post_tag","embeddable":true,"href":"https:\/\/www.bambergorthodox.de\/index.php?rest_route=%2Fwp%2Fv2%2Ftags&post=1837"}],"curies":[{"name":"wp","href":"https:\/\/api.w.org\/{rel}","templated":true}]}}